{"id":202782,"date":"2021-10-25T18:46:57","date_gmt":"2021-10-25T15:46:57","guid":{"rendered":"http:\/\/107.6.182.27\/es\/?p=202782"},"modified":"2023-01-10T14:24:54","modified_gmt":"2023-01-10T12:24:54","slug":"siria-revela-cifras-de-vacunados-e-infectados-de-covid-19-entre-el-personal-docente","status":"publish","type":"post","link":"https:\/\/archive.sana.sy\/es\/?p=202782","title":{"rendered":"Siria revela cifras de vacunados e infectados de Covid-19 entre el personal docente"},"content":{"rendered":"<p style=\"text-align: justify;\"><span style=\"color: #800000;\"><strong>Damasco, 25 oct (SANA)<\/strong> <\/span>Con 168 casos confirmados en las escuelas durante la semana pasada, la cifra de infectados con Covid-19 entre el personal docente se elev\u00f3 a 1,418 desde el inicio del a\u00f1o escolar, la mayor\u00eda de ellos son educadores y administrativos.<\/p>\n<p style=\"text-align: justify;\">La directora de Salud Escolar del Ministerio de Educaci\u00f3n, Hatoon al-Tawashi, declar\u00f3 a SANA que 1.203 casos fueron confirmados entre maestros y administrativos, y 215 entre estudiantes, mientras que el n\u00famero de decesos lleg\u00f3 a siete.<\/p>\n<p style=\"text-align: justify;\">Al-Tawashi revel\u00f3 que el n\u00famero de maestros inmunizados con la vacuna hasta la fecha lleg\u00f3 a unos 12 mil maestros del total de 127 mil.<\/p>\n<p><strong><span style=\"color: #0000ff;\">fm\/ed<\/span><\/strong><\/p>\n","protected":false},"excerpt":{"rendered":"<p>Damasco, 25 oct (SANA) Con 168 casos confirmados en las escuelas durante la semana pasada, la cifra de infectados con Covid-19 entre el personal docente se elev\u00f3 a 1,418 desde el inicio del a\u00f1o escolar, la mayor\u00eda de ellos son educadores y administrativos. La directora de Salud Escolar del Ministerio de Educaci\u00f3n, Hatoon al-Tawashi, declar\u00f3 &hellip;<\/p>\n","protected":false},"author":32,"featured_media":202783,"comment_status":"closed","ping_status":"closed","sticky":false,"template":"","format":"standard","meta":{"footnotes":""},"categories":[477,447,597,476,7541],"tags":[7161,6553],"class_list":["post-202782","post","type-post","status-publish","format-standard","has-post-thumbnail","","category-noticias-edulcorantes","category-local-politica","category-cinta-de-noticias","category-locales","category-ultimas-noticias","tag-damasco","tag-siria"],"_links":{"self":[{"href":"https:\/\/archive.sana.sy\/es\/index.php?rest_route=\/wp\/v2\/posts\/202782"}],"collection":[{"href":"https:\/\/archive.sana.sy\/es\/index.php?rest_route=\/wp\/v2\/posts"}],"about":[{"href":"https:\/\/archive.sana.sy\/es\/index.php?rest_route=\/wp\/v2\/types\/post"}],"author":[{"embeddable":true,"href":"https:\/\/archive.sana.sy\/es\/index.php?rest_route=\/wp\/v2\/users\/32"}],"replies":[{"embeddable":true,"href":"https:\/\/archive.sana.sy\/es\/index.php?rest_route=%2Fwp%2Fv2%2Fcomments&post=202782"}],"version-history":[{"count":0,"href":"https:\/\/archive.sana.sy\/es\/index.php?rest_route=\/wp\/v2\/posts\/202782\/revisions"}],"wp:featuredmedia":[{"embeddable":true,"href":"https:\/\/archive.sana.sy\/es\/index.php?rest_route=\/wp\/v2\/media\/202783"}],"wp:attachment":[{"href":"https:\/\/archive.sana.sy\/es\/index.php?rest_route=%2Fwp%2Fv2%2Fmedia&parent=202782"}],"wp:term":[{"taxonomy":"category","embeddable":true,"href":"https:\/\/archive.sana.sy\/es\/index.php?rest_route=%2Fwp%2Fv2%2Fcategories&post=202782"},{"taxonomy":"post_tag","embeddable":true,"href":"https:\/\/archive.sana.sy\/es\/index.php?rest_route=%2Fwp%2Fv2%2Ftags&post=202782"}],"curies":[{"name":"wp","href":"https:\/\/api.w.org\/{rel}","templated":true}]}}