{"id":20293,"date":"2015-03-28T13:49:29","date_gmt":"2015-03-28T10:49:29","guid":{"rendered":"http:\/\/www.sana.sy\/es\/?p=20293"},"modified":"2015-03-28T14:01:31","modified_gmt":"2015-03-28T11:01:31","slug":"al-mekdad-critica-el-papel-de-la-onu-en-la-lucha-contra-el-terrorismo","status":"publish","type":"post","link":"https:\/\/archive.sana.sy\/es\/?p=20293","title":{"rendered":"Al-Mekdad critica el papel de la ONU en la lucha contra el terrorismo"},"content":{"rendered":"<p><span style=\"color: #800000\">Beirut, SANA<\/span><\/p>\n<p>El vicecanciller sirio Faisal al-Miekdad recalc\u00f3 que la Carta de la ONU ya no es el documento que rige el papel\u00a0 de las Naciones Unidas en el mundo hoy.<\/p>\n<p>Una de las violaciones m\u00e1s importantes de la Carta de la ONU se refleja en las pol\u00edticas occidentales\u00a0 que han impedido la b\u00fasqueda de una soluci\u00f3n justa a la causa palestina y la crisis en Siria, se\u00f1al\u00f3 el Vicecanciller sirio en un art\u00edculo publicado en el diario liban\u00e9s \u201cal-Binaa\u201d.<\/p>\n<p>Asimismo agreg\u00f3 que un conjunto de Estados que dominan el Consejo de Seguridad tales como EE.UU., Gran Breta\u00f1a y Francia aprueba resoluciones contra el terrorismo, sin embargo se vuelven en contra de las mismas y las convierten en un papel mojado al apoyar a los terroristas en Siria y en otros pa\u00edses.<\/p>\n<p>El alto pol\u00edtico afirm\u00f3 que los pa\u00edses occidentales adoptan &#8220;medios diab\u00f3licas&#8221; para interpretar el texto de la Carta de la ONU a fin de justificar la agresi\u00f3n contra Siria teniendo en cuenta que el mismo texto proh\u00edbe que la ONU lo use para cambiar reg\u00edmenes fuera de la voluntad de los pueblos.<\/p>\n<p>En este contexto se\u00f1al\u00f3 que la verdadera reforma de la ONU consiste en el esfuerzo que se realiza con toda transparencia y credibilidad para mantener la paz y la seguridad mundiales a trav\u00e9s de impedir cualquier intento de intervenci\u00f3n en los asuntos internos de los pa\u00edses bajo pretextos sin fundamento.<\/p>\n<p>&#8220;Todav\u00eda creemos en el papel de la ONU y todav\u00eda estamos cooperando con otros actores para reformar el defecto en su funcionamiento&#8221;, concluy\u00f3 al-Mekdad.<\/p>\n<p>&nbsp;<\/p>\n<p>Lynn A.<\/p>\n","protected":false},"excerpt":{"rendered":"<p>Beirut, SANA El vicecanciller sirio Faisal al-Miekdad recalc\u00f3 que la Carta de la ONU ya no es el documento que rige el papel\u00a0 de las Naciones Unidas en el mundo hoy. Una de las violaciones m\u00e1s importantes de la Carta de la ONU se refleja en las pol\u00edticas occidentales\u00a0 que han impedido la b\u00fasqueda de &hellip;<\/p>\n","protected":false},"author":24,"featured_media":8132,"comment_status":"closed","ping_status":"closed","sticky":false,"template":"","format":"standard","meta":{"footnotes":""},"categories":[555,597,576],"tags":[4601],"class_list":["post-20293","post","type-post","status-publish","format-standard","has-post-thumbnail","","category-prensa","category-cinta-de-noticias","category-noticias-politicas","tag-al-mekdad-critica-el-papel-de-la-onu-en-la-lucha-contra-el-terrorismo"],"_links":{"self":[{"href":"https:\/\/archive.sana.sy\/es\/index.php?rest_route=\/wp\/v2\/posts\/20293"}],"collection":[{"href":"https:\/\/archive.sana.sy\/es\/index.php?rest_route=\/wp\/v2\/posts"}],"about":[{"href":"https:\/\/archive.sana.sy\/es\/index.php?rest_route=\/wp\/v2\/types\/post"}],"author":[{"embeddable":true,"href":"https:\/\/archive.sana.sy\/es\/index.php?rest_route=\/wp\/v2\/users\/24"}],"replies":[{"embeddable":true,"href":"https:\/\/archive.sana.sy\/es\/index.php?rest_route=%2Fwp%2Fv2%2Fcomments&post=20293"}],"version-history":[{"count":0,"href":"https:\/\/archive.sana.sy\/es\/index.php?rest_route=\/wp\/v2\/posts\/20293\/revisions"}],"wp:featuredmedia":[{"embeddable":true,"href":"https:\/\/archive.sana.sy\/es\/index.php?rest_route=\/wp\/v2\/media\/8132"}],"wp:attachment":[{"href":"https:\/\/archive.sana.sy\/es\/index.php?rest_route=%2Fwp%2Fv2%2Fmedia&parent=20293"}],"wp:term":[{"taxonomy":"category","embeddable":true,"href":"https:\/\/archive.sana.sy\/es\/index.php?rest_route=%2Fwp%2Fv2%2Fcategories&post=20293"},{"taxonomy":"post_tag","embeddable":true,"href":"https:\/\/archive.sana.sy\/es\/index.php?rest_route=%2Fwp%2Fv2%2Ftags&post=20293"}],"curies":[{"name":"wp","href":"https:\/\/api.w.org\/{rel}","templated":true}]}}