{"id":202930,"date":"2021-10-27T06:22:47","date_gmt":"2021-10-27T03:22:47","guid":{"rendered":"http:\/\/107.6.182.27\/es\/?p=202930"},"modified":"2023-01-10T14:24:50","modified_gmt":"2023-01-10T12:24:50","slug":"confirman-277-nuevos-casos-positivos-a-la-covid-19-en-siria","status":"publish","type":"post","link":"https:\/\/archive.sana.sy\/es\/?p=202930","title":{"rendered":"Confirman 277 nuevos casos positivos a la Covid-19 en Siria"},"content":{"rendered":"<p style=\"text-align: justify;\"><span style=\"color: #800000;\"><strong>Damasco, 27 oct (SANA)<\/strong><\/span>\u00a0 \u00a0 El Ministerio de Salud anunci\u00f3 hoy que la cifra diaria de infectados por Covid-19 en Siria aument\u00f3 a 41 mil 926 tras contabilizar 277 nuevos casos.<\/p>\n<p style=\"text-align: justify;\">De acuerdo con un comunicado del Ministerio, en las \u00faltimas 24 horas, 95 personas se recuperaron de esta enfermedad para un total de 25,7926, mientras se reportaron 9 muertos lo que eleva a dos mil 526 el n\u00famero de decesos.<\/p>\n<p style=\"text-align: justify;\">Siria enfrenta esta pandemia en medio de un bloqueo injusto asfixiante impuesto por EEUU y algunos pa\u00edses de la UE, lo cual dificulta las capacidades del pa\u00eds de enfrentar esta pandemia.<\/p>\n<p style=\"text-align: justify;\">fm<\/p>\n","protected":false},"excerpt":{"rendered":"<p>Damasco, 27 oct (SANA)\u00a0 \u00a0 El Ministerio de Salud anunci\u00f3 hoy que la cifra diaria de infectados por Covid-19 en Siria aument\u00f3 a 41 mil 926 tras contabilizar 277 nuevos casos. De acuerdo con un comunicado del Ministerio, en las \u00faltimas 24 horas, 95 personas se recuperaron de esta enfermedad para un total de 25,7926, &hellip;<\/p>\n","protected":false},"author":34,"featured_media":202931,"comment_status":"closed","ping_status":"closed","sticky":false,"template":"","format":"standard","meta":{"footnotes":""},"categories":[447,477,597,476,457,583],"tags":[19685,7161,19683,6553],"class_list":["post-202930","post","type-post","status-publish","format-standard","has-post-thumbnail","","category-local-politica","category-noticias-edulcorantes","category-cinta-de-noticias","category-locales","category-noticias-arabe-internacional-politica","category-slide","tag-covid19","tag-damasco","tag-salud","tag-siria"],"_links":{"self":[{"href":"https:\/\/archive.sana.sy\/es\/index.php?rest_route=\/wp\/v2\/posts\/202930"}],"collection":[{"href":"https:\/\/archive.sana.sy\/es\/index.php?rest_route=\/wp\/v2\/posts"}],"about":[{"href":"https:\/\/archive.sana.sy\/es\/index.php?rest_route=\/wp\/v2\/types\/post"}],"author":[{"embeddable":true,"href":"https:\/\/archive.sana.sy\/es\/index.php?rest_route=\/wp\/v2\/users\/34"}],"replies":[{"embeddable":true,"href":"https:\/\/archive.sana.sy\/es\/index.php?rest_route=%2Fwp%2Fv2%2Fcomments&post=202930"}],"version-history":[{"count":0,"href":"https:\/\/archive.sana.sy\/es\/index.php?rest_route=\/wp\/v2\/posts\/202930\/revisions"}],"wp:featuredmedia":[{"embeddable":true,"href":"https:\/\/archive.sana.sy\/es\/index.php?rest_route=\/wp\/v2\/media\/202931"}],"wp:attachment":[{"href":"https:\/\/archive.sana.sy\/es\/index.php?rest_route=%2Fwp%2Fv2%2Fmedia&parent=202930"}],"wp:term":[{"taxonomy":"category","embeddable":true,"href":"https:\/\/archive.sana.sy\/es\/index.php?rest_route=%2Fwp%2Fv2%2Fcategories&post=202930"},{"taxonomy":"post_tag","embeddable":true,"href":"https:\/\/archive.sana.sy\/es\/index.php?rest_route=%2Fwp%2Fv2%2Ftags&post=202930"}],"curies":[{"name":"wp","href":"https:\/\/api.w.org\/{rel}","templated":true}]}}