{"id":202948,"date":"2021-10-27T07:23:19","date_gmt":"2021-10-27T04:23:19","guid":{"rendered":"http:\/\/107.6.182.27\/es\/?p=202948"},"modified":"2023-01-10T15:33:08","modified_gmt":"2023-01-10T13:33:08","slug":"titulares-de-la-agencia-sana-27-de-octubre-2021","status":"publish","type":"post","link":"https:\/\/archive.sana.sy\/es\/?p=202948","title":{"rendered":"Titulares de la agencia SANA, 27 de octubre 2021"},"content":{"rendered":"<p><strong><span style=\"color: #800000;\">Damasco, 27 oct (SANA)<\/span><\/strong><\/p>\n<p>????Siria participa en la conferencia mundial sobre el papel de la educaci\u00f3n en la lucha contra el discurso de odio.<\/p>\n<p>????Conversaciones entre Siria y Armenia para impulsar relaciones bilaterales.<\/p>\n<p>????Turqu\u00eda y sus mercenarios intensifican sus ataques en Hasakeh.<\/p>\n<p>????Ataque con bomba contra convoy militar ruso en Deraa.<\/p>\n<p>????FEARAB ARGENTINA condena rotundamente \u00faltimo atentado terrorista en Damasco.<\/p>\n<p>????Intervenci\u00f3n estadounidense en Siria fracas\u00f3 y podr\u00eda convertirse en un desastre, opina redactor de Newsweek.<\/p>\n<p>????Ankara env\u00eda refuerzos a sus tropas ocupantes en la norte de Siria.<\/p>\n<p>????Milicia FDS toma por la fuerza la cl\u00ednica de salud escolar en Qamishli.<\/p>\n<p>????Siria firma contrato con empresa iran\u00ed para rehabilitar central el\u00e9ctrica de Mahradah..<\/p>\n<p>????Gabinete decide arrancar un plan para desarrollar \u00e1reas en provincia de Deraa.<\/p>\n<p>????Suleiman conquista su segunda medalla de oro en el Campeonato \u00c1rabe de Nataci\u00f3n.<\/p>\n<p>????Inauguran la Feria del Libro Sirio en Damasco.<\/p>\n<p>????Profesi\u00f3n de los gu\u00edas tur\u00edsticos vuelve a cobrar vida en Siria.<\/p>\n<p>????Tal Salhab en Hama producir\u00e1 29 mil toneladas de man\u00ed.<\/p>\n<p>????Misi\u00f3n sirio-rusa para rehabilitar el manantial hist\u00f3rico de Afqa en Palmira.<\/p>\n<p>????Siria participa en el Foro Internacional de Mosc\u00fa por la Paz y la Religi\u00f3n.<\/p>\n<p>????Presidente de Cuba promete responder al destructivo comportamiento estadounidense.<\/p>\n<p>&nbsp;<\/p>\n","protected":false},"excerpt":{"rendered":"<p>Damasco, 27 oct (SANA) ????Siria participa en la conferencia mundial sobre el papel de la educaci\u00f3n en la lucha contra el discurso de odio. ????Conversaciones entre Siria y Armenia para impulsar relaciones bilaterales. ????Turqu\u00eda y sus mercenarios intensifican sus ataques en Hasakeh. ????Ataque con bomba contra convoy militar ruso en Deraa. ????FEARAB ARGENTINA condena rotundamente &hellip;<\/p>\n","protected":false},"author":32,"featured_media":202658,"comment_status":"closed","ping_status":"closed","sticky":false,"template":"","format":"standard","meta":{"footnotes":""},"categories":[447,555,597,476,7541],"tags":[7161,6553],"class_list":["post-202948","post","type-post","status-publish","format-standard","has-post-thumbnail","","category-local-politica","category-prensa","category-cinta-de-noticias","category-locales","category-ultimas-noticias","tag-damasco","tag-siria"],"_links":{"self":[{"href":"https:\/\/archive.sana.sy\/es\/index.php?rest_route=\/wp\/v2\/posts\/202948"}],"collection":[{"href":"https:\/\/archive.sana.sy\/es\/index.php?rest_route=\/wp\/v2\/posts"}],"about":[{"href":"https:\/\/archive.sana.sy\/es\/index.php?rest_route=\/wp\/v2\/types\/post"}],"author":[{"embeddable":true,"href":"https:\/\/archive.sana.sy\/es\/index.php?rest_route=\/wp\/v2\/users\/32"}],"replies":[{"embeddable":true,"href":"https:\/\/archive.sana.sy\/es\/index.php?rest_route=%2Fwp%2Fv2%2Fcomments&post=202948"}],"version-history":[{"count":0,"href":"https:\/\/archive.sana.sy\/es\/index.php?rest_route=\/wp\/v2\/posts\/202948\/revisions"}],"wp:featuredmedia":[{"embeddable":true,"href":"https:\/\/archive.sana.sy\/es\/index.php?rest_route=\/wp\/v2\/media\/202658"}],"wp:attachment":[{"href":"https:\/\/archive.sana.sy\/es\/index.php?rest_route=%2Fwp%2Fv2%2Fmedia&parent=202948"}],"wp:term":[{"taxonomy":"category","embeddable":true,"href":"https:\/\/archive.sana.sy\/es\/index.php?rest_route=%2Fwp%2Fv2%2Fcategories&post=202948"},{"taxonomy":"post_tag","embeddable":true,"href":"https:\/\/archive.sana.sy\/es\/index.php?rest_route=%2Fwp%2Fv2%2Ftags&post=202948"}],"curies":[{"name":"wp","href":"https:\/\/api.w.org\/{rel}","templated":true}]}}