{"id":202950,"date":"2021-10-27T07:36:34","date_gmt":"2021-10-27T04:36:34","guid":{"rendered":"http:\/\/107.6.182.27\/es\/?p=202950"},"modified":"2021-10-27T07:36:34","modified_gmt":"2021-10-27T04:36:34","slug":"siria-vencio-y-las-apuestas-para-derrotarla-fracasaron-afirma-arslan","status":"publish","type":"post","link":"https:\/\/archive.sana.sy\/es\/?p=202950","title":{"rendered":"Siria venci\u00f3 y las apuestas para derrotarla fracasaron, afirma Arslan"},"content":{"rendered":"<p style=\"text-align: justify;\"><span style=\"color: #800000;\"><strong>Beirut, 27 oct (SANA)\u00a0<\/strong><\/span> \u00a0 El jefe del Partido Democr\u00e1tico Liban\u00e9s, Talal Arslan, afirm\u00f3 que Siria venci\u00f3 en su guerra contra el terrorismo que enfrenta desde hace casi 10 a\u00f1os, y que todas las apuestas para derrotarla fracasaron.<\/p>\n<p style=\"text-align: justify;\">En una entrevista con Al-Mayadeen TV, Arslan dijo que la retirada de las fuerzas de ocupaci\u00f3n estadounidenses del territorio sirio es una necesidad absoluta.<\/p>\n<p style=\"text-align: justify;\">Sobre el tema liban\u00e9s, no mostr\u00f3 optimismo sobre la capacidad del gobierno para resolver la profunda crisis econ\u00f3mica del pa\u00eds.<\/p>\n<p><strong><span style=\"color: #0000ff;\">fm\/ed<\/span><\/strong><\/p>\n","protected":false},"excerpt":{"rendered":"<p>Beirut, 27 oct (SANA)\u00a0 \u00a0 El jefe del Partido Democr\u00e1tico Liban\u00e9s, Talal Arslan, afirm\u00f3 que Siria venci\u00f3 en su guerra contra el terrorismo que enfrenta desde hace casi 10 a\u00f1os, y que todas las apuestas para derrotarla fracasaron. En una entrevista con Al-Mayadeen TV, Arslan dijo que la retirada de las fuerzas de ocupaci\u00f3n estadounidenses &hellip;<\/p>\n","protected":false},"author":32,"featured_media":202951,"comment_status":"closed","ping_status":"closed","sticky":false,"template":"","format":"standard","meta":{"footnotes":""},"categories":[597,467,7541],"tags":[8947,6553],"class_list":["post-202950","post","type-post","status-publish","format-standard","has-post-thumbnail","","category-cinta-de-noticias","category-siria-y-el-mundo","category-ultimas-noticias","tag-beirut","tag-siria"],"_links":{"self":[{"href":"https:\/\/archive.sana.sy\/es\/index.php?rest_route=\/wp\/v2\/posts\/202950"}],"collection":[{"href":"https:\/\/archive.sana.sy\/es\/index.php?rest_route=\/wp\/v2\/posts"}],"about":[{"href":"https:\/\/archive.sana.sy\/es\/index.php?rest_route=\/wp\/v2\/types\/post"}],"author":[{"embeddable":true,"href":"https:\/\/archive.sana.sy\/es\/index.php?rest_route=\/wp\/v2\/users\/32"}],"replies":[{"embeddable":true,"href":"https:\/\/archive.sana.sy\/es\/index.php?rest_route=%2Fwp%2Fv2%2Fcomments&post=202950"}],"version-history":[{"count":0,"href":"https:\/\/archive.sana.sy\/es\/index.php?rest_route=\/wp\/v2\/posts\/202950\/revisions"}],"wp:featuredmedia":[{"embeddable":true,"href":"https:\/\/archive.sana.sy\/es\/index.php?rest_route=\/wp\/v2\/media\/202951"}],"wp:attachment":[{"href":"https:\/\/archive.sana.sy\/es\/index.php?rest_route=%2Fwp%2Fv2%2Fmedia&parent=202950"}],"wp:term":[{"taxonomy":"category","embeddable":true,"href":"https:\/\/archive.sana.sy\/es\/index.php?rest_route=%2Fwp%2Fv2%2Fcategories&post=202950"},{"taxonomy":"post_tag","embeddable":true,"href":"https:\/\/archive.sana.sy\/es\/index.php?rest_route=%2Fwp%2Fv2%2Ftags&post=202950"}],"curies":[{"name":"wp","href":"https:\/\/api.w.org\/{rel}","templated":true}]}}