{"id":202953,"date":"2021-10-27T10:13:16","date_gmt":"2021-10-27T07:13:16","guid":{"rendered":"http:\/\/107.6.182.27\/es\/?p=202953"},"modified":"2023-01-12T14:40:00","modified_gmt":"2023-01-12T12:40:00","slug":"vinculos-entre-promotores-de-protestas-en-cuba-y-organizaciones-terroristas-en-eeuu","status":"publish","type":"post","link":"https:\/\/archive.sana.sy\/es\/?p=202953","title":{"rendered":"V\u00ednculos entre promotores de protestas en Cuba y organizaciones terroristas en EEUU"},"content":{"rendered":"<p style=\"text-align: justify;\"><strong><span style=\"color: #800000;\">La Habana, 27 oct (SANA)<\/span><\/strong>\u00a0 \u00a0La Rep\u00fablica de Cuba mostr\u00f3 nuevas evidencias sobre la relaci\u00f3n entre los promotores de actos de sabotaje y los organizadores de manifestaciones en el pa\u00eds con figuras vinculadas a organizaciones terroristas en Estados Unidos.<\/p>\n<p style=\"text-align: justify;\">El miembro de la Secretar\u00eda General del Comit\u00e9 Central del Partido Comunista de Cuba, Rogelio Polanco, mostr\u00f3 en la televisi\u00f3n cubana la grabaci\u00f3n de una conversaci\u00f3n de audio entre Junior Garc\u00eda, uno de los organizadores de las manifestaciones, y Ram\u00f3n Vela S\u00e1nchez, miembro de organizaciones acusadas de atentados terroristas contra Cuba radicadas en Estados Unidos.<\/p>\n<p style=\"text-align: justify;\">Durante la conversaci\u00f3n, S\u00e1nchez expres\u00f3 su total disposici\u00f3n a brindar asistencia log\u00edstica y propaganda en los medios estadounidenses para apoyar una manifestaci\u00f3n convocada por la oposici\u00f3n cubana a mediados del pr\u00f3ximo mes.<\/p>\n<p style=\"text-align: justify;\">Polanco indic\u00f3 que la Fundaci\u00f3n Nacional Cubano Americana, con sede en Estados Unidos, public\u00f3 en su p\u00e1gina de Facebook informaci\u00f3n sobre la manifestaci\u00f3n que se realizar\u00e1 el d\u00eda 15 del pr\u00f3ximo mes y de c\u00f3mo participar en la misma.<\/p>\n<p style=\"text-align: justify;\">Asimismo, conden\u00f3 la complicidad del gobierno estadounidense y su pasividad contra los promotores del terrorismo y la violencia contra Cuba que residen en Estados Unidos.<\/p>\n<p style=\"text-align: justify;\">Polanco destac\u00f3 que estas medidas contra su pa\u00eds se enmarcan en el marco de una guerra no convencional o en un escenario de golpe suave que conspira contra Cuba.<\/p>\n<p style=\"text-align: justify;\">El presidente cubano, Miguel D\u00edaz-Canel, hab\u00eda condenado el papel subversivo que jugaron los representantes de la embajada de Estados Unidos en La Habana y reafirm\u00f3 que su pa\u00eds no se quedar\u00e1 de brazos cruzados ante este comportamiento estadounidense.<\/p>\n<p style=\"text-align: justify;\">Cuba enfrenta un injusto bloqueo econ\u00f3mico impuesto por Estados Unidos desde hace 60 a\u00f1os debido a su rechazo a los intentos de exclusividad y hegemon\u00eda estadounidenses.<\/p>\n<p style=\"text-align: justify;\"><span style=\"color: #0000ff;\"><strong>fm\/ws<\/strong><\/span><\/p>\n","protected":false},"excerpt":{"rendered":"<p>La Habana, 27 oct (SANA)\u00a0 \u00a0La Rep\u00fablica de Cuba mostr\u00f3 nuevas evidencias sobre la relaci\u00f3n entre los promotores de actos de sabotaje y los organizadores de manifestaciones en el pa\u00eds con figuras vinculadas a organizaciones terroristas en Estados Unidos. El miembro de la Secretar\u00eda General del Comit\u00e9 Central del Partido Comunista de Cuba, Rogelio Polanco, &hellip;<\/p>\n","protected":false},"author":35,"featured_media":202954,"comment_status":"closed","ping_status":"closed","sticky":false,"template":"","format":"standard","meta":{"footnotes":""},"categories":[597,456,457,7541],"tags":[6868,17846,19957,1347],"class_list":["post-202953","post","type-post","status-publish","format-standard","has-post-thumbnail","","category-cinta-de-noticias","category-arabe-internacional-politica","category-noticias-arabe-internacional-politica","category-ultimas-noticias","tag-cuba","tag-estados-unidos","tag-habana","tag-sana"],"_links":{"self":[{"href":"https:\/\/archive.sana.sy\/es\/index.php?rest_route=\/wp\/v2\/posts\/202953"}],"collection":[{"href":"https:\/\/archive.sana.sy\/es\/index.php?rest_route=\/wp\/v2\/posts"}],"about":[{"href":"https:\/\/archive.sana.sy\/es\/index.php?rest_route=\/wp\/v2\/types\/post"}],"author":[{"embeddable":true,"href":"https:\/\/archive.sana.sy\/es\/index.php?rest_route=\/wp\/v2\/users\/35"}],"replies":[{"embeddable":true,"href":"https:\/\/archive.sana.sy\/es\/index.php?rest_route=%2Fwp%2Fv2%2Fcomments&post=202953"}],"version-history":[{"count":0,"href":"https:\/\/archive.sana.sy\/es\/index.php?rest_route=\/wp\/v2\/posts\/202953\/revisions"}],"wp:featuredmedia":[{"embeddable":true,"href":"https:\/\/archive.sana.sy\/es\/index.php?rest_route=\/wp\/v2\/media\/202954"}],"wp:attachment":[{"href":"https:\/\/archive.sana.sy\/es\/index.php?rest_route=%2Fwp%2Fv2%2Fmedia&parent=202953"}],"wp:term":[{"taxonomy":"category","embeddable":true,"href":"https:\/\/archive.sana.sy\/es\/index.php?rest_route=%2Fwp%2Fv2%2Fcategories&post=202953"},{"taxonomy":"post_tag","embeddable":true,"href":"https:\/\/archive.sana.sy\/es\/index.php?rest_route=%2Fwp%2Fv2%2Ftags&post=202953"}],"curies":[{"name":"wp","href":"https:\/\/api.w.org\/{rel}","templated":true}]}}