{"id":202959,"date":"2021-10-27T10:27:01","date_gmt":"2021-10-27T07:27:01","guid":{"rendered":"http:\/\/107.6.182.27\/es\/?p=202959"},"modified":"2021-10-27T12:27:32","modified_gmt":"2021-10-27T09:27:32","slug":"siria-mostro-cooperacion-en-el-campo-de-transito-por-su-territorio","status":"publish","type":"post","link":"https:\/\/archive.sana.sy\/es\/?p=202959","title":{"rendered":"Siria mostr\u00f3 cooperaci\u00f3n en el campo de tr\u00e1nsito por su territorio"},"content":{"rendered":"<p style=\"text-align: justify;\"><strong><span style=\"color: #800000;\">Beirut, 27 oct (SANA)<\/span><\/strong>\u00a0 El ministro liban\u00e9s de Obras P\u00fablicas y Transporte, Ali Hamiyah, dijo que Siria expres\u00f3 su disposici\u00f3n a cooperar plenamente en el tema del tr\u00e1nsito por su territorio, e indic\u00f3 que la comunicaci\u00f3n y coordinaci\u00f3n entre los dos pa\u00edses hermanos es necesaria para solucionar problemas comunes.<\/p>\n<p style=\"text-align: justify;\">Hamiyah declar\u00f3 a la prensa que se llevaron a cabo varias reuniones con la parte siria sobre la cuesti\u00f3n del tr\u00e1nsito a trav\u00e9s del territorio sirio, donde la parte siria expres\u00f3 su plena cooperaci\u00f3n.<\/p>\n<p style=\"text-align: justify;\">Agreg\u00f3 que en la actualidad, se discuten las condiciones t\u00e9cnicas para determinar los marcos apropiados y encontrar bases comunes en beneficio de los dos pa\u00edses.<\/p>\n<p style=\"text-align: justify;\"><span style=\"color: #0000ff;\"><strong>fm\/ws<\/strong><\/span><\/p>\n","protected":false},"excerpt":{"rendered":"<p>Beirut, 27 oct (SANA)\u00a0 El ministro liban\u00e9s de Obras P\u00fablicas y Transporte, Ali Hamiyah, dijo que Siria expres\u00f3 su disposici\u00f3n a cooperar plenamente en el tema del tr\u00e1nsito por su territorio, e indic\u00f3 que la comunicaci\u00f3n y coordinaci\u00f3n entre los dos pa\u00edses hermanos es necesaria para solucionar problemas comunes. Hamiyah declar\u00f3 a la prensa que &hellip;<\/p>\n","protected":false},"author":35,"featured_media":202960,"comment_status":"closed","ping_status":"closed","sticky":false,"template":"","format":"standard","meta":{"footnotes":""},"categories":[597,457,467,7541],"tags":[8947,7161,1347,6553],"class_list":["post-202959","post","type-post","status-publish","format-standard","has-post-thumbnail","","category-cinta-de-noticias","category-noticias-arabe-internacional-politica","category-siria-y-el-mundo","category-ultimas-noticias","tag-beirut","tag-damasco","tag-sana","tag-siria"],"_links":{"self":[{"href":"https:\/\/archive.sana.sy\/es\/index.php?rest_route=\/wp\/v2\/posts\/202959"}],"collection":[{"href":"https:\/\/archive.sana.sy\/es\/index.php?rest_route=\/wp\/v2\/posts"}],"about":[{"href":"https:\/\/archive.sana.sy\/es\/index.php?rest_route=\/wp\/v2\/types\/post"}],"author":[{"embeddable":true,"href":"https:\/\/archive.sana.sy\/es\/index.php?rest_route=\/wp\/v2\/users\/35"}],"replies":[{"embeddable":true,"href":"https:\/\/archive.sana.sy\/es\/index.php?rest_route=%2Fwp%2Fv2%2Fcomments&post=202959"}],"version-history":[{"count":0,"href":"https:\/\/archive.sana.sy\/es\/index.php?rest_route=\/wp\/v2\/posts\/202959\/revisions"}],"wp:featuredmedia":[{"embeddable":true,"href":"https:\/\/archive.sana.sy\/es\/index.php?rest_route=\/wp\/v2\/media\/202960"}],"wp:attachment":[{"href":"https:\/\/archive.sana.sy\/es\/index.php?rest_route=%2Fwp%2Fv2%2Fmedia&parent=202959"}],"wp:term":[{"taxonomy":"category","embeddable":true,"href":"https:\/\/archive.sana.sy\/es\/index.php?rest_route=%2Fwp%2Fv2%2Fcategories&post=202959"},{"taxonomy":"post_tag","embeddable":true,"href":"https:\/\/archive.sana.sy\/es\/index.php?rest_route=%2Fwp%2Fv2%2Ftags&post=202959"}],"curies":[{"name":"wp","href":"https:\/\/api.w.org\/{rel}","templated":true}]}}