{"id":203016,"date":"2021-10-27T18:47:32","date_gmt":"2021-10-27T15:47:32","guid":{"rendered":"http:\/\/107.6.182.27\/es\/?p=203016"},"modified":"2023-01-10T14:24:49","modified_gmt":"2023-01-10T12:24:49","slug":"dos-heridos-y-grandes-danos-materiales-por-bombardeos-terroristas-contra-localidad-de-nubbul","status":"publish","type":"post","link":"https:\/\/archive.sana.sy\/es\/?p=203016","title":{"rendered":"Dos heridos y grandes da\u00f1os materiales por bombardeos terroristas contra localidad de Nubbul\/Alepo"},"content":{"rendered":"<p style=\"text-align: justify\"><strong><span style=\"color: #800000\">Alepo, 27 oct (SANA)-<\/span><\/strong> Dos civiles resultaron heridos tras un ataque llevado a cabo por terroristas contra barrios de la localidad de Nubbul la provincia septentrional de Alepo.<\/p>\n<p style=\"text-align: justify\">El corresponsal de SANA en Alepo detall\u00f3 que grupos terroristas proturcos dispararon hoy un proyectil contra una casa en la localidad de Nubbul situada en el campo norte de Alepo, lo que caus\u00f3 heridas a dos civiles.<\/p>\n<p style=\"text-align: justify\">A\u00f1adi\u00f3 que el atentado terrorista provoc\u00f3 grandes da\u00f1os materiales en la casa objeto y en las propiedades p\u00fablicas y privadas.<\/p>\n<p style=\"text-align: justify\">El jueves pasado, dos ni\u00f1os y una mujer cayeron heridos como resultado de bombardeos lanzados por las fuerzas ocupantes de Turqu\u00eda y sus mercenarios contra las viviendas de la aldea de al-Sheikh Issa en el norte de Alepo.<\/p>\n<div id='gallery-1' class='gallery galleryid-203016 gallery-columns-1 gallery-size-full'><figure class='gallery-item'>\n\t\t\t<div class='gallery-icon landscape'>\n\t\t\t\t<a href='https:\/\/archive.sana.sy\/es\/wp-content\/uploads\/2021\/10\/photo_2021-10-27_17-55-37.jpg'><img loading=\"lazy\" decoding=\"async\" width=\"978\" height=\"525\" src=\"https:\/\/archive.sana.sy\/es\/wp-content\/uploads\/2021\/10\/photo_2021-10-27_17-55-37.jpg\" class=\"attachment-full size-full\" alt=\"\" srcset=\"https:\/\/archive.sana.sy\/es\/wp-content\/uploads\/2021\/10\/photo_2021-10-27_17-55-37.jpg 978w, https:\/\/archive.sana.sy\/es\/wp-content\/uploads\/2021\/10\/photo_2021-10-27_17-55-37-300x161.jpg 300w, https:\/\/archive.sana.sy\/es\/wp-content\/uploads\/2021\/10\/photo_2021-10-27_17-55-37-150x81.jpg 150w, https:\/\/archive.sana.sy\/es\/wp-content\/uploads\/2021\/10\/photo_2021-10-27_17-55-37-768x412.jpg 768w, https:\/\/archive.sana.sy\/es\/wp-content\/uploads\/2021\/10\/photo_2021-10-27_17-55-37-310x165.jpg 310w\" sizes=\"(max-width: 978px) 100vw, 978px\" \/><\/a>\n\t\t\t<\/div><\/figure><figure class='gallery-item'>\n\t\t\t<div class='gallery-icon landscape'>\n\t\t\t\t<a href='https:\/\/archive.sana.sy\/es\/wp-content\/uploads\/2021\/10\/photo_2021-10-27_17-55-39.jpg'><img loading=\"lazy\" decoding=\"async\" width=\"1091\" height=\"720\" src=\"https:\/\/archive.sana.sy\/es\/wp-content\/uploads\/2021\/10\/photo_2021-10-27_17-55-39.jpg\" class=\"attachment-full size-full\" alt=\"\" srcset=\"https:\/\/archive.sana.sy\/es\/wp-content\/uploads\/2021\/10\/photo_2021-10-27_17-55-39.jpg 1091w, https:\/\/archive.sana.sy\/es\/wp-content\/uploads\/2021\/10\/photo_2021-10-27_17-55-39-300x198.jpg 300w, https:\/\/archive.sana.sy\/es\/wp-content\/uploads\/2021\/10\/photo_2021-10-27_17-55-39-1024x676.jpg 1024w, https:\/\/archive.sana.sy\/es\/wp-content\/uploads\/2021\/10\/photo_2021-10-27_17-55-39-150x99.jpg 150w, https:\/\/archive.sana.sy\/es\/wp-content\/uploads\/2021\/10\/photo_2021-10-27_17-55-39-768x507.jpg 768w, https:\/\/archive.sana.sy\/es\/wp-content\/uploads\/2021\/10\/photo_2021-10-27_17-55-39-310x205.jpg 310w\" sizes=\"(max-width: 1091px) 100vw, 1091px\" \/><\/a>\n\t\t\t<\/div><\/figure><figure class='gallery-item'>\n\t\t\t<div class='gallery-icon landscape'>\n\t\t\t\t<a href='https:\/\/archive.sana.sy\/es\/wp-content\/uploads\/2021\/10\/photo_2021-10-27_17-55-41.jpg'><img loading=\"lazy\" decoding=\"async\" width=\"1094\" height=\"660\" src=\"https:\/\/archive.sana.sy\/es\/wp-content\/uploads\/2021\/10\/photo_2021-10-27_17-55-41.jpg\" class=\"attachment-full size-full\" alt=\"\" srcset=\"https:\/\/archive.sana.sy\/es\/wp-content\/uploads\/2021\/10\/photo_2021-10-27_17-55-41.jpg 1094w, https:\/\/archive.sana.sy\/es\/wp-content\/uploads\/2021\/10\/photo_2021-10-27_17-55-41-300x181.jpg 300w, https:\/\/archive.sana.sy\/es\/wp-content\/uploads\/2021\/10\/photo_2021-10-27_17-55-41-1024x618.jpg 1024w, https:\/\/archive.sana.sy\/es\/wp-content\/uploads\/2021\/10\/photo_2021-10-27_17-55-41-150x90.jpg 150w, https:\/\/archive.sana.sy\/es\/wp-content\/uploads\/2021\/10\/photo_2021-10-27_17-55-41-768x463.jpg 768w\" sizes=\"(max-width: 1094px) 100vw, 1094px\" \/><\/a>\n\t\t\t<\/div><\/figure>\n\t\t<\/div>\n\n<p style=\"text-align: justify\">la<\/p>\n","protected":false},"excerpt":{"rendered":"<p>Alepo, 27 oct (SANA)- Dos civiles resultaron heridos tras un ataque llevado a cabo por terroristas contra barrios de la localidad de Nubbul la provincia septentrional de Alepo. El corresponsal de SANA en Alepo detall\u00f3 que grupos terroristas proturcos dispararon hoy un proyectil contra una casa en la localidad de Nubbul situada en el campo &hellip;<\/p>\n","protected":false},"author":24,"featured_media":203017,"comment_status":"closed","ping_status":"closed","sticky":false,"template":"","format":"standard","meta":{"footnotes":""},"categories":[447,597,573,7541],"tags":[2626,8914,19965],"class_list":["post-203016","post","type-post","status-publish","format-standard","has-post-thumbnail","","category-local-politica","category-cinta-de-noticias","category-la-realidad-de-los-acontecimientos-en-siria","category-ultimas-noticias","tag-alepo","tag-ataque-terrorista","tag-nubbul"],"_links":{"self":[{"href":"https:\/\/archive.sana.sy\/es\/index.php?rest_route=\/wp\/v2\/posts\/203016"}],"collection":[{"href":"https:\/\/archive.sana.sy\/es\/index.php?rest_route=\/wp\/v2\/posts"}],"about":[{"href":"https:\/\/archive.sana.sy\/es\/index.php?rest_route=\/wp\/v2\/types\/post"}],"author":[{"embeddable":true,"href":"https:\/\/archive.sana.sy\/es\/index.php?rest_route=\/wp\/v2\/users\/24"}],"replies":[{"embeddable":true,"href":"https:\/\/archive.sana.sy\/es\/index.php?rest_route=%2Fwp%2Fv2%2Fcomments&post=203016"}],"version-history":[{"count":0,"href":"https:\/\/archive.sana.sy\/es\/index.php?rest_route=\/wp\/v2\/posts\/203016\/revisions"}],"wp:featuredmedia":[{"embeddable":true,"href":"https:\/\/archive.sana.sy\/es\/index.php?rest_route=\/wp\/v2\/media\/203017"}],"wp:attachment":[{"href":"https:\/\/archive.sana.sy\/es\/index.php?rest_route=%2Fwp%2Fv2%2Fmedia&parent=203016"}],"wp:term":[{"taxonomy":"category","embeddable":true,"href":"https:\/\/archive.sana.sy\/es\/index.php?rest_route=%2Fwp%2Fv2%2Fcategories&post=203016"},{"taxonomy":"post_tag","embeddable":true,"href":"https:\/\/archive.sana.sy\/es\/index.php?rest_route=%2Fwp%2Fv2%2Ftags&post=203016"}],"curies":[{"name":"wp","href":"https:\/\/api.w.org\/{rel}","templated":true}]}}