{"id":203075,"date":"2021-10-28T05:54:44","date_gmt":"2021-10-28T02:54:44","guid":{"rendered":"http:\/\/107.6.182.27\/es\/?p=203075"},"modified":"2023-01-10T14:24:48","modified_gmt":"2023-01-10T12:24:48","slug":"resumen-diario-sobre-situacion-de-la-covid-19-en-siria","status":"publish","type":"post","link":"https:\/\/archive.sana.sy\/es\/?p=203075","title":{"rendered":"Resumen diario sobre situaci\u00f3n de la Covid-19 en Siria"},"content":{"rendered":"<p style=\"text-align: justify;\"><span style=\"color: #800000;\"><strong>Damasco, 28 oct (SANA)<\/strong><\/span>\u00a0 \u00a0 \u00a0 El Ministerio de Salud confirm\u00f3 275 nuevos casos y 10 decesos por la Covid-19.<\/p>\n<p style=\"text-align: justify;\">\u201cEl total de infectados en el pa\u00eds aument\u00f3 a 42 mil 351 mientras los decesos se elev\u00f3\u00a0 2,536\u201d, precis\u00f3 el parte diario del ente.<\/p>\n<p style=\"text-align: justify;\">Agreg\u00f3 que 90 personas se recuperaron para un total de 26,016.<\/p>\n<p style=\"text-align: justify;\">Alepo encabez\u00f3 las provincias con la cifra m\u00e1s alta de 60 nuevos infectados.<\/p>\n<p style=\"text-align: justify;\">Siria enfrenta esta pandemia en medio de un bloqueo injusto asfixiante impuesto por EEUU y algunos pa\u00edses de la UE, lo cual dificulta las capacidades del pa\u00eds de enfrentar esta pandemia.<\/p>\n<p style=\"text-align: justify;\">fm<\/p>\n","protected":false},"excerpt":{"rendered":"<p>Damasco, 28 oct (SANA)\u00a0 \u00a0 \u00a0 El Ministerio de Salud confirm\u00f3 275 nuevos casos y 10 decesos por la Covid-19. \u201cEl total de infectados en el pa\u00eds aument\u00f3 a 42 mil 351 mientras los decesos se elev\u00f3\u00a0 2,536\u201d, precis\u00f3 el parte diario del ente. Agreg\u00f3 que 90 personas se recuperaron para un total de 26,016. &hellip;<\/p>\n","protected":false},"author":34,"featured_media":203076,"comment_status":"closed","ping_status":"closed","sticky":false,"template":"","format":"standard","meta":{"footnotes":""},"categories":[477,447,597,476,7541],"tags":[],"class_list":["post-203075","post","type-post","status-publish","format-standard","has-post-thumbnail","","category-noticias-edulcorantes","category-local-politica","category-cinta-de-noticias","category-locales","category-ultimas-noticias"],"_links":{"self":[{"href":"https:\/\/archive.sana.sy\/es\/index.php?rest_route=\/wp\/v2\/posts\/203075"}],"collection":[{"href":"https:\/\/archive.sana.sy\/es\/index.php?rest_route=\/wp\/v2\/posts"}],"about":[{"href":"https:\/\/archive.sana.sy\/es\/index.php?rest_route=\/wp\/v2\/types\/post"}],"author":[{"embeddable":true,"href":"https:\/\/archive.sana.sy\/es\/index.php?rest_route=\/wp\/v2\/users\/34"}],"replies":[{"embeddable":true,"href":"https:\/\/archive.sana.sy\/es\/index.php?rest_route=%2Fwp%2Fv2%2Fcomments&post=203075"}],"version-history":[{"count":0,"href":"https:\/\/archive.sana.sy\/es\/index.php?rest_route=\/wp\/v2\/posts\/203075\/revisions"}],"wp:featuredmedia":[{"embeddable":true,"href":"https:\/\/archive.sana.sy\/es\/index.php?rest_route=\/wp\/v2\/media\/203076"}],"wp:attachment":[{"href":"https:\/\/archive.sana.sy\/es\/index.php?rest_route=%2Fwp%2Fv2%2Fmedia&parent=203075"}],"wp:term":[{"taxonomy":"category","embeddable":true,"href":"https:\/\/archive.sana.sy\/es\/index.php?rest_route=%2Fwp%2Fv2%2Fcategories&post=203075"},{"taxonomy":"post_tag","embeddable":true,"href":"https:\/\/archive.sana.sy\/es\/index.php?rest_route=%2Fwp%2Fv2%2Ftags&post=203075"}],"curies":[{"name":"wp","href":"https:\/\/api.w.org\/{rel}","templated":true}]}}