{"id":203109,"date":"2021-10-28T17:50:17","date_gmt":"2021-10-28T14:50:17","guid":{"rendered":"http:\/\/107.6.182.27\/es\/?p=203109"},"modified":"2021-10-28T22:03:36","modified_gmt":"2021-10-28T19:03:36","slug":"presidente-al-assad-emite-orden-administrativa-para-licenciar-a-personal-militar-reservista","status":"publish","type":"post","link":"https:\/\/archive.sana.sy\/es\/?p=203109","title":{"rendered":"Presidente al-Assad emite orden administrativa para licenciar a personal militar reservista"},"content":{"rendered":"<p style=\"text-align: justify;\"><span style=\"color: #800000;\"><strong>Damasco, 28 oct (SANA)\u00a0 \u00a0<\/strong><\/span>El presidente Bashar al-Assad, emiti\u00f3 una orden administrativa para poner fin a la retenci\u00f3n y citaci\u00f3n a filas de oficiales de reserva, suboficiales y personal de reserva, a partir del 1\/1\/2022 de acuerdo con lo siguiente:<\/p>\n<p style=\"text-align: justify;\">A- Oficiales (retenidos y alistados en el servicio de reserva cuyo servicio de real alcanz\u00f3 dos a\u00f1os o m\u00e1s hasta el 31 de diciembre de 2021.<\/p>\n<p style=\"text-align: justify;\">B- Los m\u00e9dicos especialistas en la Administraci\u00f3n de Servicios M\u00e9dicos y cuyo servicio de reserva real ascendi\u00f3 a dos a\u00f1os o m\u00e1s hasta la fecha del 31 de diciembre de 2021, y son licenciados seg\u00fan la posibilidad de prescindir de sus servicios.<\/p>\n<p style=\"text-align: justify;\">2- Se termina la retenci\u00f3n y citaci\u00f3n a filas de suboficiales y personal de reserva a partir del 1\/1\/2022 de acuerdo con lo siguiente:<\/p>\n<p style=\"text-align: justify;\">-Los suboficiales y reclutas (retenidos e inscritos en el servicio de reserva) cuyo servicio real alcanz\u00f3 no menos de \/ 6 \/ a\u00f1os y medio hasta la fecha del 31 de diciembre de 2021 .<\/p>\n<p style=\"text-align: justify;\"><strong>rsh\/fm\/ah<\/strong><\/p>\n","protected":false},"excerpt":{"rendered":"<p>Damasco, 28 oct (SANA)\u00a0 \u00a0El presidente Bashar al-Assad, emiti\u00f3 una orden administrativa para poner fin a la retenci\u00f3n y citaci\u00f3n a filas de oficiales de reserva, suboficiales y personal de reserva, a partir del 1\/1\/2022 de acuerdo con lo siguiente: A- Oficiales (retenidos y alistados en el servicio de reserva cuyo servicio de real alcanz\u00f3 &hellip;<\/p>\n","protected":false},"author":30,"featured_media":203172,"comment_status":"closed","ping_status":"closed","sticky":false,"template":"","format":"standard","meta":{"footnotes":""},"categories":[597,16237,583],"tags":[19969],"class_list":["post-203109","post","type-post","status-publish","format-standard","has-post-thumbnail","","category-cinta-de-noticias","category-presidence-de-la-republique-arabe-syria","category-slide","tag-presidente-al-assad-emite-orden-administrativa-para-licenciar-a-personal-militar-reservista"],"_links":{"self":[{"href":"https:\/\/archive.sana.sy\/es\/index.php?rest_route=\/wp\/v2\/posts\/203109"}],"collection":[{"href":"https:\/\/archive.sana.sy\/es\/index.php?rest_route=\/wp\/v2\/posts"}],"about":[{"href":"https:\/\/archive.sana.sy\/es\/index.php?rest_route=\/wp\/v2\/types\/post"}],"author":[{"embeddable":true,"href":"https:\/\/archive.sana.sy\/es\/index.php?rest_route=\/wp\/v2\/users\/30"}],"replies":[{"embeddable":true,"href":"https:\/\/archive.sana.sy\/es\/index.php?rest_route=%2Fwp%2Fv2%2Fcomments&post=203109"}],"version-history":[{"count":0,"href":"https:\/\/archive.sana.sy\/es\/index.php?rest_route=\/wp\/v2\/posts\/203109\/revisions"}],"wp:featuredmedia":[{"embeddable":true,"href":"https:\/\/archive.sana.sy\/es\/index.php?rest_route=\/wp\/v2\/media\/203172"}],"wp:attachment":[{"href":"https:\/\/archive.sana.sy\/es\/index.php?rest_route=%2Fwp%2Fv2%2Fmedia&parent=203109"}],"wp:term":[{"taxonomy":"category","embeddable":true,"href":"https:\/\/archive.sana.sy\/es\/index.php?rest_route=%2Fwp%2Fv2%2Fcategories&post=203109"},{"taxonomy":"post_tag","embeddable":true,"href":"https:\/\/archive.sana.sy\/es\/index.php?rest_route=%2Fwp%2Fv2%2Ftags&post=203109"}],"curies":[{"name":"wp","href":"https:\/\/api.w.org\/{rel}","templated":true}]}}