{"id":20317,"date":"2015-03-28T17:28:56","date_gmt":"2015-03-28T14:28:56","guid":{"rendered":"http:\/\/www.sana.sy\/es\/?p=20317"},"modified":"2015-03-28T17:28:56","modified_gmt":"2015-03-28T14:28:56","slug":"cancilleria-exige-a-la-onu-intervenir-para-liberar-al-luchador-sedqui-al-maket-de-las-carceles-del-ente-sionista","status":"publish","type":"post","link":"https:\/\/archive.sana.sy\/es\/?p=20317","title":{"rendered":"Canciller\u00eda exige a la ONU intervenir para liberar al luchador Sedqui al-Maket de las c\u00e1rceles del ente sionista"},"content":{"rendered":"<p><span style=\"color: #800000\">Damasco, SANA<\/span><\/p>\n<p>La Canciller\u00eda siria pidi\u00f3 a sus misiones permanentes en Nueva York y Ginebra dirigir una carta al Secretario General de la ONU para que intervenga directamente para salvar la vida del luchador sirio Sedqui al-Maket que hab\u00eda sido arrestado por las fuerzas israel\u00edes en el 25 de febrero del 2015.<\/p>\n<p>Asimismo exigi\u00f3 a los organismos pertinentes de la ONU, especialmente el Consejo de Derechos Humanos que d\u00e9 seguimiento a la situaci\u00f3n de al-Maket, detenga las violaciones cometidas por \u201cIsrael\u201d en su contra, y le ponga en libertad lo antes posible sin previas condiciones.<\/p>\n<p>Canciller\u00eda destac\u00f3 en sus instrucciones dirigidas a sus misiones en la ONU que al-Maket sufre de b\u00e1rbaras pr\u00e1cticas y tortura a manos de las fuerzas israel\u00edes, agregando que su familia fueron informados de que las autoridades israel\u00edes fabricaron acusaciones sin fundamento en su contra y negaron a su abogado su derecho de comunicar con el mismo, en un intento de ponerle un abogado de su parte en vez de abogados independientes.<\/p>\n<p>Estas pr\u00e1cticas son una prueba m\u00e1s de las continuas violaciones de los derechos humanos por parte del ocupante israel\u00ed, y un intento para encubrir la implicaci\u00f3n del ente sionista con las organizaciones terroristas que derraman la sangre de los sirios y destruyen la infraestructura del pa\u00eds, denunci\u00f3.<\/p>\n<p>Es de recordar que las fuerzas israel\u00edes irrumpieron en la casa de la familia de al-Maken en las primeras horas del 25 de febrero del 2015, y volvieron a arrestarlo, despu\u00e9s de haber pasado 27 a\u00f1os en las c\u00e1rceles del ocupante sin ninguna raz\u00f3n legal o moral.<\/p>\n<p>&nbsp;<\/p>\n<p>Lynn A.<\/p>\n","protected":false},"excerpt":{"rendered":"<p>Damasco, SANA La Canciller\u00eda siria pidi\u00f3 a sus misiones permanentes en Nueva York y Ginebra dirigir una carta al Secretario General de la ONU para que intervenga directamente para salvar la vida del luchador sirio Sedqui al-Maket que hab\u00eda sido arrestado por las fuerzas israel\u00edes en el 25 de febrero del 2015. Asimismo exigi\u00f3 a &hellip;<\/p>\n","protected":false},"author":24,"featured_media":8197,"comment_status":"closed","ping_status":"closed","sticky":false,"template":"","format":"standard","meta":{"footnotes":""},"categories":[477,597,476,576],"tags":[4606],"class_list":["post-20317","post","type-post","status-publish","format-standard","has-post-thumbnail","","category-noticias-edulcorantes","category-cinta-de-noticias","category-locales","category-noticias-politicas","tag-cancilleria-exige-a-la-onu-intervenir-para-liberar-al-luchador-sedqui-al-maket-de-las-carceles-del-ente-sionista"],"_links":{"self":[{"href":"https:\/\/archive.sana.sy\/es\/index.php?rest_route=\/wp\/v2\/posts\/20317"}],"collection":[{"href":"https:\/\/archive.sana.sy\/es\/index.php?rest_route=\/wp\/v2\/posts"}],"about":[{"href":"https:\/\/archive.sana.sy\/es\/index.php?rest_route=\/wp\/v2\/types\/post"}],"author":[{"embeddable":true,"href":"https:\/\/archive.sana.sy\/es\/index.php?rest_route=\/wp\/v2\/users\/24"}],"replies":[{"embeddable":true,"href":"https:\/\/archive.sana.sy\/es\/index.php?rest_route=%2Fwp%2Fv2%2Fcomments&post=20317"}],"version-history":[{"count":0,"href":"https:\/\/archive.sana.sy\/es\/index.php?rest_route=\/wp\/v2\/posts\/20317\/revisions"}],"wp:featuredmedia":[{"embeddable":true,"href":"https:\/\/archive.sana.sy\/es\/index.php?rest_route=\/wp\/v2\/media\/8197"}],"wp:attachment":[{"href":"https:\/\/archive.sana.sy\/es\/index.php?rest_route=%2Fwp%2Fv2%2Fmedia&parent=20317"}],"wp:term":[{"taxonomy":"category","embeddable":true,"href":"https:\/\/archive.sana.sy\/es\/index.php?rest_route=%2Fwp%2Fv2%2Fcategories&post=20317"},{"taxonomy":"post_tag","embeddable":true,"href":"https:\/\/archive.sana.sy\/es\/index.php?rest_route=%2Fwp%2Fv2%2Ftags&post=20317"}],"curies":[{"name":"wp","href":"https:\/\/api.w.org\/{rel}","templated":true}]}}