{"id":203198,"date":"2021-10-29T05:03:02","date_gmt":"2021-10-29T03:03:02","guid":{"rendered":"http:\/\/107.6.182.27\/es\/?p=203198"},"modified":"2021-10-29T05:03:02","modified_gmt":"2021-10-29T03:03:02","slug":"titulares-de-la-agencia-sana-29-de-octubre-2021","status":"publish","type":"post","link":"https:\/\/archive.sana.sy\/es\/?p=203198","title":{"rendered":"Titulares de la agencia SANA, 29 de octubre 2021"},"content":{"rendered":"<p style=\"text-align: justify;\"><span style=\"color: #800000;\"><strong>Damasco, 29 oct (SANA)<\/strong><\/span><\/p>\n<p style=\"text-align: justify;\">????Presidente al-Assad emite orden administrativa para licenciar a personal militar reservista<\/p>\n<p style=\"text-align: justify;\">????Siria condena la pol\u00edtica de Estados Unidos hacia China: amenaza la paz y la seguridad internacionales<\/p>\n<p style=\"text-align: justify;\">????Siria participa en la Conferencia y Exposici\u00f3n de la Inteligencia Artificial en Jordania.<\/p>\n<p style=\"text-align: justify;\">????Siria venci\u00f3 y las apuestas para derrotarla fracasaron, afirma Arslan.<\/p>\n<p style=\"text-align: justify;\">????V\u00ednculos entre promotores de protestas en Cuba y organizaciones terroristas en EEUU.<\/p>\n<p style=\"text-align: justify;\">????Ir\u00e1n dice que resolver la crisis en Siria parte del respeto a su soberan\u00eda<\/p>\n<p style=\"text-align: justify;\">????Mot\u00edn de terroristas de Daesh en una prisi\u00f3n controlada por la milicia FDS<\/p>\n<p style=\"text-align: justify;\">????China reitera su apoyo a Siria en la lucha contra el terrorismo<\/p>\n<p style=\"text-align: justify;\">????Protestan en Qamishli\/Siria contra los ocupantes turco y estadounidense<\/p>\n<p style=\"text-align: justify;\">????Manifestaci\u00f3n popular contra el ocupante turco y sus terroristas en el norte de Alepo<\/p>\n<p style=\"text-align: justify;\">????Cham Wings participa en la XIII Conferencia y Exposici\u00f3n de Aviaci\u00f3n Humanitaria<\/p>\n<p style=\"text-align: justify;\">????Delegaci\u00f3n gubernamental visita Deraa para dar seguimiento a las necesidades de la provincia<\/p>\n<p style=\"text-align: justify;\">????El Ministerio de Relaciones Exteriores palestino pide comprometer a la ocupaci\u00f3n con las resoluciones de la ONU<\/p>\n<p style=\"text-align: justify;\">????Siria e Ir\u00e1n por consolidar cooperaci\u00f3n estrat\u00e9gica<\/p>\n<p style=\"text-align: justify;\">????Conversaciones sirio-oman\u00edes para apoyar perspectivas de cooperaci\u00f3n cultural y muse\u00edstica<\/p>\n<p style=\"text-align: justify;\">????Ultimado un acuerdo sobre suministro de electricidad al L\u00edbano a trav\u00e9s de Siria<\/p>\n<p style=\"text-align: justify;\">????Ocupaci\u00f3n israel\u00ed demuele aldea palestina por 194\u00aa vez<\/p>\n<p style=\"text-align: justify;\">????Ministerio de Educaci\u00f3n de Siria y universidad rusa firman memorando de cooperaci\u00f3n<\/p>\n<p style=\"text-align: justify;\">????Sab\u00edas que\u2049\ufe0f la Universidad de Damasco es la primera universidad p\u00fablica en el mundo \u00e1rabe????\u2026<\/p>\n<p style=\"text-align: justify;\">????Comienza jornada del D\u00eda del Mediterr\u00e1neo en Latakia<\/p>\n","protected":false},"excerpt":{"rendered":"<p>Damasco, 29 oct (SANA) ????Presidente al-Assad emite orden administrativa para licenciar a personal militar reservista ????Siria condena la pol\u00edtica de Estados Unidos hacia China: amenaza la paz y la seguridad internacionales ????Siria participa en la Conferencia y Exposici\u00f3n de la Inteligencia Artificial en Jordania. ????Siria venci\u00f3 y las apuestas para derrotarla fracasaron, afirma Arslan. ????V\u00ednculos &hellip;<\/p>\n","protected":false},"author":30,"featured_media":202813,"comment_status":"closed","ping_status":"closed","sticky":false,"template":"","format":"standard","meta":{"footnotes":""},"categories":[555,597,7541],"tags":[19995,19994],"class_list":["post-203198","post","type-post","status-publish","format-standard","has-post-thumbnail","","category-prensa","category-cinta-de-noticias","category-ultimas-noticias","tag-29-octubre","tag-agencia-sana"],"_links":{"self":[{"href":"https:\/\/archive.sana.sy\/es\/index.php?rest_route=\/wp\/v2\/posts\/203198"}],"collection":[{"href":"https:\/\/archive.sana.sy\/es\/index.php?rest_route=\/wp\/v2\/posts"}],"about":[{"href":"https:\/\/archive.sana.sy\/es\/index.php?rest_route=\/wp\/v2\/types\/post"}],"author":[{"embeddable":true,"href":"https:\/\/archive.sana.sy\/es\/index.php?rest_route=\/wp\/v2\/users\/30"}],"replies":[{"embeddable":true,"href":"https:\/\/archive.sana.sy\/es\/index.php?rest_route=%2Fwp%2Fv2%2Fcomments&post=203198"}],"version-history":[{"count":0,"href":"https:\/\/archive.sana.sy\/es\/index.php?rest_route=\/wp\/v2\/posts\/203198\/revisions"}],"wp:featuredmedia":[{"embeddable":true,"href":"https:\/\/archive.sana.sy\/es\/index.php?rest_route=\/wp\/v2\/media\/202813"}],"wp:attachment":[{"href":"https:\/\/archive.sana.sy\/es\/index.php?rest_route=%2Fwp%2Fv2%2Fmedia&parent=203198"}],"wp:term":[{"taxonomy":"category","embeddable":true,"href":"https:\/\/archive.sana.sy\/es\/index.php?rest_route=%2Fwp%2Fv2%2Fcategories&post=203198"},{"taxonomy":"post_tag","embeddable":true,"href":"https:\/\/archive.sana.sy\/es\/index.php?rest_route=%2Fwp%2Fv2%2Ftags&post=203198"}],"curies":[{"name":"wp","href":"https:\/\/api.w.org\/{rel}","templated":true}]}}