{"id":203200,"date":"2021-10-29T05:21:45","date_gmt":"2021-10-29T03:21:45","guid":{"rendered":"http:\/\/107.6.182.27\/es\/?p=203200"},"modified":"2021-10-29T05:21:45","modified_gmt":"2021-10-29T03:21:45","slug":"resumen-diario-sobre-situacion-de-la-covid-19-en-siria-2","status":"publish","type":"post","link":"https:\/\/archive.sana.sy\/es\/?p=203200","title":{"rendered":"Resumen diario sobre situaci\u00f3n de la Covid-19 en Siria"},"content":{"rendered":"<p style=\"text-align: justify;\"><span style=\"color: #800000;\"><strong>Damasco, 29 oct (SANA)\u00a0 \u00a0<\/strong><\/span>El Ministerio de Salud confirm\u00f3 que la cifra diaria de infectados por Covid-19 en Siria aument\u00f3 a 42 mil 621 tras contabilizar 270 nuevos casos.<\/p>\n<p style=\"text-align: justify;\">De acuerdo con un comunicado del Ministerio, en las \u00faltimas 24 horas, 92 personas se recuperaron de esta enfermedad para un total de 26,108 , mientras se reportaron 9 muertos lo que eleva a dos mil 545 el n\u00famero de decesos .<\/p>\n<p style=\"text-align: justify;\">Siria enfrenta esta pandemia en medio de un bloqueo injusto asfixiante impuesto por EEUU y algunos pa\u00edses de la UE, lo cual dificulta las capacidades del pa\u00eds de enfrentar esta pandemia.<\/p>\n<p style=\"text-align: justify;\"><strong>ah\/fm<\/strong><\/p>\n","protected":false},"excerpt":{"rendered":"<p>Damasco, 29 oct (SANA)\u00a0 \u00a0El Ministerio de Salud confirm\u00f3 que la cifra diaria de infectados por Covid-19 en Siria aument\u00f3 a 42 mil 621 tras contabilizar 270 nuevos casos. De acuerdo con un comunicado del Ministerio, en las \u00faltimas 24 horas, 92 personas se recuperaron de esta enfermedad para un total de 26,108 , mientras &hellip;<\/p>\n","protected":false},"author":30,"featured_media":203201,"comment_status":"closed","ping_status":"closed","sticky":false,"template":"","format":"standard","meta":{"footnotes":""},"categories":[597,476,7541],"tags":[19996],"class_list":["post-203200","post","type-post","status-publish","format-standard","has-post-thumbnail","","category-cinta-de-noticias","category-locales","category-ultimas-noticias","tag-resumen-diario-sobre-situacion-de-la-covid-19-en-siria"],"_links":{"self":[{"href":"https:\/\/archive.sana.sy\/es\/index.php?rest_route=\/wp\/v2\/posts\/203200"}],"collection":[{"href":"https:\/\/archive.sana.sy\/es\/index.php?rest_route=\/wp\/v2\/posts"}],"about":[{"href":"https:\/\/archive.sana.sy\/es\/index.php?rest_route=\/wp\/v2\/types\/post"}],"author":[{"embeddable":true,"href":"https:\/\/archive.sana.sy\/es\/index.php?rest_route=\/wp\/v2\/users\/30"}],"replies":[{"embeddable":true,"href":"https:\/\/archive.sana.sy\/es\/index.php?rest_route=%2Fwp%2Fv2%2Fcomments&post=203200"}],"version-history":[{"count":0,"href":"https:\/\/archive.sana.sy\/es\/index.php?rest_route=\/wp\/v2\/posts\/203200\/revisions"}],"wp:featuredmedia":[{"embeddable":true,"href":"https:\/\/archive.sana.sy\/es\/index.php?rest_route=\/wp\/v2\/media\/203201"}],"wp:attachment":[{"href":"https:\/\/archive.sana.sy\/es\/index.php?rest_route=%2Fwp%2Fv2%2Fmedia&parent=203200"}],"wp:term":[{"taxonomy":"category","embeddable":true,"href":"https:\/\/archive.sana.sy\/es\/index.php?rest_route=%2Fwp%2Fv2%2Fcategories&post=203200"},{"taxonomy":"post_tag","embeddable":true,"href":"https:\/\/archive.sana.sy\/es\/index.php?rest_route=%2Fwp%2Fv2%2Ftags&post=203200"}],"curies":[{"name":"wp","href":"https:\/\/api.w.org\/{rel}","templated":true}]}}