{"id":203203,"date":"2021-10-29T06:01:23","date_gmt":"2021-10-29T04:01:23","guid":{"rendered":"http:\/\/107.6.182.27\/es\/?p=203203"},"modified":"2021-10-29T06:01:23","modified_gmt":"2021-10-29T04:01:23","slug":"universidad-de-damasco-y-universidad-pedagogica-de-moscu-suscriben-acuerdo-de-cooperacion-cientifica","status":"publish","type":"post","link":"https:\/\/archive.sana.sy\/es\/?p=203203","title":{"rendered":"Universidad de Damasco y Universidad Pedag\u00f3gica de Mosc\u00fa suscriben acuerdo de cooperaci\u00f3n cient\u00edfica"},"content":{"rendered":"<p style=\"text-align: justify;\"><span style=\"color: #800000;\"><strong>Mosc\u00fa, 29 oct (SANA)\u00a0 <\/strong><\/span>La Universidad de Damasco firm\u00f3 un acuerdo de cooperaci\u00f3n cient\u00edfica con la Universidad Pedag\u00f3gica Estatal de Mosc\u00fa destinado a promover y desarrollar la cooperaci\u00f3n cient\u00edfica, acad\u00e9mica e investigativa, adem\u00e1s de fomentar el intercambio estudiantil y acad\u00e9mico entre las dos partes sobre la base de la igualdad y el beneficio mutuo.<\/p>\n<p style=\"text-align: justify;\">En virtud del acuerdo rubricado por los rectores de ambas instituciones en la sede de la Universidad en Mosc\u00fa, las dos partes cooperar\u00e1n en la implementaci\u00f3n y el desarrollo de programas educativos conjuntos y el intercambio de estudiantes graduados y de posgrado para el estudio y la formaci\u00f3n cient\u00edfica en \u00e1reas de inter\u00e9s com\u00fan.<\/p>\n<p style=\"text-align: justify;\">El acuerdo estipul\u00f3 tambi\u00e9n el intercambio de visitas de profesores, conferencistas e integrantes del personal docente para la cooperaci\u00f3n en el desarrollo profesional y la organizaci\u00f3n de seminarios y consultas sobre temas educativos en beneficio de ambas partes, adem\u00e1s del intercambio de investigaciones y publicaciones peri\u00f3dicas emitidas por las dos partes.<\/p>\n<p style=\"text-align: justify;\">El acuerdo entra en vigor a partir de la fecha de su firma y es vigente por cinco a\u00f1os prorrogables.<\/p>\n<p style=\"text-align: justify;\"><strong>ah\/fm<\/strong><\/p>\n","protected":false},"excerpt":{"rendered":"<p>Mosc\u00fa, 29 oct (SANA)\u00a0 La Universidad de Damasco firm\u00f3 un acuerdo de cooperaci\u00f3n cient\u00edfica con la Universidad Pedag\u00f3gica Estatal de Mosc\u00fa destinado a promover y desarrollar la cooperaci\u00f3n cient\u00edfica, acad\u00e9mica e investigativa, adem\u00e1s de fomentar el intercambio estudiantil y acad\u00e9mico entre las dos partes sobre la base de la igualdad y el beneficio mutuo. En &hellip;<\/p>\n","protected":false},"author":30,"featured_media":203204,"comment_status":"closed","ping_status":"closed","sticky":false,"template":"","format":"standard","meta":{"footnotes":""},"categories":[597,467,7541],"tags":[19708,6695,6553],"class_list":["post-203203","post","type-post","status-publish","format-standard","has-post-thumbnail","","category-cinta-de-noticias","category-siria-y-el-mundo","category-ultimas-noticias","tag-educacion","tag-rusia","tag-siria"],"_links":{"self":[{"href":"https:\/\/archive.sana.sy\/es\/index.php?rest_route=\/wp\/v2\/posts\/203203"}],"collection":[{"href":"https:\/\/archive.sana.sy\/es\/index.php?rest_route=\/wp\/v2\/posts"}],"about":[{"href":"https:\/\/archive.sana.sy\/es\/index.php?rest_route=\/wp\/v2\/types\/post"}],"author":[{"embeddable":true,"href":"https:\/\/archive.sana.sy\/es\/index.php?rest_route=\/wp\/v2\/users\/30"}],"replies":[{"embeddable":true,"href":"https:\/\/archive.sana.sy\/es\/index.php?rest_route=%2Fwp%2Fv2%2Fcomments&post=203203"}],"version-history":[{"count":0,"href":"https:\/\/archive.sana.sy\/es\/index.php?rest_route=\/wp\/v2\/posts\/203203\/revisions"}],"wp:featuredmedia":[{"embeddable":true,"href":"https:\/\/archive.sana.sy\/es\/index.php?rest_route=\/wp\/v2\/media\/203204"}],"wp:attachment":[{"href":"https:\/\/archive.sana.sy\/es\/index.php?rest_route=%2Fwp%2Fv2%2Fmedia&parent=203203"}],"wp:term":[{"taxonomy":"category","embeddable":true,"href":"https:\/\/archive.sana.sy\/es\/index.php?rest_route=%2Fwp%2Fv2%2Fcategories&post=203203"},{"taxonomy":"post_tag","embeddable":true,"href":"https:\/\/archive.sana.sy\/es\/index.php?rest_route=%2Fwp%2Fv2%2Ftags&post=203203"}],"curies":[{"name":"wp","href":"https:\/\/api.w.org\/{rel}","templated":true}]}}