{"id":203239,"date":"2021-10-29T13:38:17","date_gmt":"2021-10-29T11:38:17","guid":{"rendered":"http:\/\/107.6.182.27\/es\/?p=203239"},"modified":"2021-10-29T13:38:17","modified_gmt":"2021-10-29T11:38:17","slug":"eeuu-y-turquia-apoyaron-el-terrorismo-en-siria-afirma-frente-popular-arabe","status":"publish","type":"post","link":"https:\/\/archive.sana.sy\/es\/?p=203239","title":{"rendered":"EEUU y Turqu\u00eda apoyaron el terrorismo en Siria, afirma Frente Popular \u00c1rabe"},"content":{"rendered":"<p style=\"text-align: justify;\"><span style=\"color: #800000;\"><strong>El Cairo, 29 oct (SANA)\u00a0 \u00a0<\/strong><\/span>El Frente Popular \u00c1rabe para la Unidad en Egipto ratific\u00f3 hoy que la presencia ilegal de Estados Unidos y Turqu\u00eda en el territorio sirio contradice las convenciones internacionales y las normas del Derecho Internacional.<\/p>\n<p style=\"text-align: justify;\">\u201cWashington y Ankara proporcionaron todas las facilidades y apoyo a los mercenarios y grupos terroristas en Siria al servicio de sus agendas\u201d, dijo el secretario general del frente Alaa Abu Zeid a nuestro corresponsal en El Cairo.<\/p>\n<p style=\"text-align: justify;\">Agreg\u00f3 que Washington impuso medidas coercitivas unilaterales a Siria en un intento de obligarla a inclinarse ante los dictados sionistas estadounidenses, pero la firmeza y la victoria de Siria sobre el terrorismo fracasaron los planes de sus partidarios.<\/p>\n<p style=\"text-align: justify;\">Fustig\u00f3 que el bloqueo impuesto a Siria lo es contra todos los pa\u00edses \u00e1rabes, e inst\u00f3 a rechazar las acciones injustas de Estados Unidos y aumentar el comercio con Siria.<\/p>\n<p style=\"text-align: justify;\"><strong>ah\/fm<\/strong><\/p>\n","protected":false},"excerpt":{"rendered":"<p>El Cairo, 29 oct (SANA)\u00a0 \u00a0El Frente Popular \u00c1rabe para la Unidad en Egipto ratific\u00f3 hoy que la presencia ilegal de Estados Unidos y Turqu\u00eda en el territorio sirio contradice las convenciones internacionales y las normas del Derecho Internacional. \u201cWashington y Ankara proporcionaron todas las facilidades y apoyo a los mercenarios y grupos terroristas en &hellip;<\/p>\n","protected":false},"author":30,"featured_media":203240,"comment_status":"closed","ping_status":"closed","sticky":false,"template":"","format":"standard","meta":{"footnotes":""},"categories":[597,467,7541],"tags":[20002,20001],"class_list":["post-203239","post","type-post","status-publish","format-standard","has-post-thumbnail","","category-cinta-de-noticias","category-siria-y-el-mundo","category-ultimas-noticias","tag-afirma-frente-popular-arabe","tag-eeuu-y-turquia-apoyaron-el-terrorismo-en-siria"],"_links":{"self":[{"href":"https:\/\/archive.sana.sy\/es\/index.php?rest_route=\/wp\/v2\/posts\/203239"}],"collection":[{"href":"https:\/\/archive.sana.sy\/es\/index.php?rest_route=\/wp\/v2\/posts"}],"about":[{"href":"https:\/\/archive.sana.sy\/es\/index.php?rest_route=\/wp\/v2\/types\/post"}],"author":[{"embeddable":true,"href":"https:\/\/archive.sana.sy\/es\/index.php?rest_route=\/wp\/v2\/users\/30"}],"replies":[{"embeddable":true,"href":"https:\/\/archive.sana.sy\/es\/index.php?rest_route=%2Fwp%2Fv2%2Fcomments&post=203239"}],"version-history":[{"count":0,"href":"https:\/\/archive.sana.sy\/es\/index.php?rest_route=\/wp\/v2\/posts\/203239\/revisions"}],"wp:featuredmedia":[{"embeddable":true,"href":"https:\/\/archive.sana.sy\/es\/index.php?rest_route=\/wp\/v2\/media\/203240"}],"wp:attachment":[{"href":"https:\/\/archive.sana.sy\/es\/index.php?rest_route=%2Fwp%2Fv2%2Fmedia&parent=203239"}],"wp:term":[{"taxonomy":"category","embeddable":true,"href":"https:\/\/archive.sana.sy\/es\/index.php?rest_route=%2Fwp%2Fv2%2Fcategories&post=203239"},{"taxonomy":"post_tag","embeddable":true,"href":"https:\/\/archive.sana.sy\/es\/index.php?rest_route=%2Fwp%2Fv2%2Ftags&post=203239"}],"curies":[{"name":"wp","href":"https:\/\/api.w.org\/{rel}","templated":true}]}}