{"id":203259,"date":"2021-10-29T13:00:46","date_gmt":"2021-10-29T11:00:46","guid":{"rendered":"http:\/\/107.6.182.27\/es\/?p=203259"},"modified":"2023-01-12T14:39:59","modified_gmt":"2023-01-12T12:39:59","slug":"palestinos-conmemoran-la-mascare-de-kafr-qasem-afirmando-que-la-resistencia-continuara","status":"publish","type":"post","link":"https:\/\/archive.sana.sy\/es\/?p=203259","title":{"rendered":"Palestinos conmemoran la mascare de Kafr Qasem afirmando que la resistencia continuar\u00e1"},"content":{"rendered":"<p><span style=\"color: #800000;\"><strong>Jerusal\u00e9n ocupada, 29 oct (SANA) <\/strong><\/span>Miles de palestinos salieron hoy en una manifestaci\u00f3n en la localidad de Kafr Qasem en los territorios palestinos ocupados en 1948, para conmemorar el 65\u00ba aniversario de las v\u00edctimas de la masacre cometida por la ocupaci\u00f3n israel\u00ed en la localidad.<\/p>\n<p>Exigieron a la comunidad internacional que detenga los continuos cr\u00edmenes del ocupante sionista contra los palestinos.<\/p>\n<p>Es de se\u00f1alar que la masacre de Kafr Qasem, que fue cometida por las tropas de ocupaci\u00f3n el 29 de octubre de 1956, y provoc\u00f3 la muerte de 49 palestinos y la lesi\u00f3n de otros 31, es solo uno de los muchos cr\u00edmenes de limpieza \u00e9tnica que la ocupaci\u00f3n contin\u00faa cometiendo contra los palestinos para desplazarlos y apoderarse de sus tierras en medio del silencio de la comunidad internacional.<\/p>\n<p>Los palestinos en los territorios ocupados de 1948 conmemoran cada a\u00f1o el aniversario de la masacre con manifestaciones y eventos en los cuales enfatizan su apego a su tierra y su firmeza ante los intentos de la ocupaci\u00f3n de desplazarlos por la fuerza.<\/p>\n<p><strong><span style=\"color: #0000ff;\">sm\/rsh<\/span><\/strong><\/p>\n","protected":false},"excerpt":{"rendered":"<p>Jerusal\u00e9n ocupada, 29 oct (SANA) Miles de palestinos salieron hoy en una manifestaci\u00f3n en la localidad de Kafr Qasem en los territorios palestinos ocupados en 1948, para conmemorar el 65\u00ba aniversario de las v\u00edctimas de la masacre cometida por la ocupaci\u00f3n israel\u00ed en la localidad. Exigieron a la comunidad internacional que detenga los continuos cr\u00edmenes &hellip;<\/p>\n","protected":false},"author":39,"featured_media":203260,"comment_status":"closed","ping_status":"closed","sticky":false,"template":"","format":"standard","meta":{"footnotes":""},"categories":[447,597,456,457,7541],"tags":[10660,20011,20008,20010,20009],"class_list":["post-203259","post","type-post","status-publish","format-standard","has-post-thumbnail","","category-local-politica","category-cinta-de-noticias","category-arabe-internacional-politica","category-noticias-arabe-internacional-politica","category-ultimas-noticias","tag-jerusalen-ocupada","tag-limpieza-etnica","tag-mascare-de-kafr-qasem","tag-ocupante-sionista","tag-territorios-palestinos-ocupados-en-1948"],"_links":{"self":[{"href":"https:\/\/archive.sana.sy\/es\/index.php?rest_route=\/wp\/v2\/posts\/203259"}],"collection":[{"href":"https:\/\/archive.sana.sy\/es\/index.php?rest_route=\/wp\/v2\/posts"}],"about":[{"href":"https:\/\/archive.sana.sy\/es\/index.php?rest_route=\/wp\/v2\/types\/post"}],"author":[{"embeddable":true,"href":"https:\/\/archive.sana.sy\/es\/index.php?rest_route=\/wp\/v2\/users\/39"}],"replies":[{"embeddable":true,"href":"https:\/\/archive.sana.sy\/es\/index.php?rest_route=%2Fwp%2Fv2%2Fcomments&post=203259"}],"version-history":[{"count":0,"href":"https:\/\/archive.sana.sy\/es\/index.php?rest_route=\/wp\/v2\/posts\/203259\/revisions"}],"wp:featuredmedia":[{"embeddable":true,"href":"https:\/\/archive.sana.sy\/es\/index.php?rest_route=\/wp\/v2\/media\/203260"}],"wp:attachment":[{"href":"https:\/\/archive.sana.sy\/es\/index.php?rest_route=%2Fwp%2Fv2%2Fmedia&parent=203259"}],"wp:term":[{"taxonomy":"category","embeddable":true,"href":"https:\/\/archive.sana.sy\/es\/index.php?rest_route=%2Fwp%2Fv2%2Fcategories&post=203259"},{"taxonomy":"post_tag","embeddable":true,"href":"https:\/\/archive.sana.sy\/es\/index.php?rest_route=%2Fwp%2Fv2%2Ftags&post=203259"}],"curies":[{"name":"wp","href":"https:\/\/api.w.org\/{rel}","templated":true}]}}