{"id":20326,"date":"2015-03-28T19:38:45","date_gmt":"2015-03-28T16:38:45","guid":{"rendered":"http:\/\/www.sana.sy\/es\/?p=20326"},"modified":"2015-03-28T19:38:45","modified_gmt":"2015-03-28T16:38:45","slug":"arabia-saudi-pierde-un-f-15-y-los-eeuu-rescata-a-los-dos-pilotos","status":"publish","type":"post","link":"https:\/\/archive.sana.sy\/es\/?p=20326","title":{"rendered":"Arabia Saud\u00ed  pierde un F-15. y Los EEUU rescata a los dos pilotos."},"content":{"rendered":"<p style=\"text-align: justify\"><span style=\"color: #0000ff\">San\u00e1-SANA<\/span><\/p>\n<p>El ministerio de Defensa saud\u00ed\u00a0 reconoci\u00f3 este\u00a0 s\u00e1bado la p\u00e9rdida de un cazabombardero F-15S que participaba en la agresi\u00f3n flagrante\u00a0 contra Yemen. El Ministerio aludi\u00f3 el derribo del avi\u00f3n a \u201cfallos t\u00e9cnicos\u201d, que obligaron a catapultarse a sus dos pilotos.<\/p>\n<p>En el mismo contexto, Fuerzas estadounidenses prestaron socorro a los dos pilotos saud\u00edes que cayeron en el Golfo de Ad\u00e9n.<\/p>\n<p>Un responsable del Pent\u00e1gono indic\u00f3 que hab\u00eda recibido una petici\u00f3n de ayuda de las autoridades saud\u00edes y a\u00f1adi\u00f3\u00a0 que las fuerzas de EEUU que se encuentran en la regi\u00f3n hab\u00edan recuperado a los dos pilotos con vida en las aguas internacionales del Golfo de Ad\u00e9n.<\/p>\n<p><span style=\"color: #800000\">M.Miri<\/span><\/p>\n","protected":false},"excerpt":{"rendered":"<p>San\u00e1-SANA El ministerio de Defensa saud\u00ed\u00a0 reconoci\u00f3 este\u00a0 s\u00e1bado la p\u00e9rdida de un cazabombardero F-15S que participaba en la agresi\u00f3n flagrante\u00a0 contra Yemen. El Ministerio aludi\u00f3 el derribo del avi\u00f3n a \u201cfallos t\u00e9cnicos\u201d, que obligaron a catapultarse a sus dos pilotos. En el mismo contexto, Fuerzas estadounidenses prestaron socorro a los dos pilotos saud\u00edes que &hellip;<\/p>\n","protected":false},"author":1,"featured_media":20327,"comment_status":"closed","ping_status":"closed","sticky":false,"template":"","format":"standard","meta":{"footnotes":""},"categories":[456,457,576],"tags":[4608],"class_list":["post-20326","post","type-post","status-publish","format-standard","has-post-thumbnail","","category-arabe-internacional-politica","category-noticias-arabe-internacional-politica","category-noticias-politicas","tag-arabia-saudi-pierde-un-f-15-y-los-eeuu-rescata-a-los-dos-pilotos"],"_links":{"self":[{"href":"https:\/\/archive.sana.sy\/es\/index.php?rest_route=\/wp\/v2\/posts\/20326"}],"collection":[{"href":"https:\/\/archive.sana.sy\/es\/index.php?rest_route=\/wp\/v2\/posts"}],"about":[{"href":"https:\/\/archive.sana.sy\/es\/index.php?rest_route=\/wp\/v2\/types\/post"}],"author":[{"embeddable":true,"href":"https:\/\/archive.sana.sy\/es\/index.php?rest_route=\/wp\/v2\/users\/1"}],"replies":[{"embeddable":true,"href":"https:\/\/archive.sana.sy\/es\/index.php?rest_route=%2Fwp%2Fv2%2Fcomments&post=20326"}],"version-history":[{"count":0,"href":"https:\/\/archive.sana.sy\/es\/index.php?rest_route=\/wp\/v2\/posts\/20326\/revisions"}],"wp:featuredmedia":[{"embeddable":true,"href":"https:\/\/archive.sana.sy\/es\/index.php?rest_route=\/wp\/v2\/media\/20327"}],"wp:attachment":[{"href":"https:\/\/archive.sana.sy\/es\/index.php?rest_route=%2Fwp%2Fv2%2Fmedia&parent=20326"}],"wp:term":[{"taxonomy":"category","embeddable":true,"href":"https:\/\/archive.sana.sy\/es\/index.php?rest_route=%2Fwp%2Fv2%2Fcategories&post=20326"},{"taxonomy":"post_tag","embeddable":true,"href":"https:\/\/archive.sana.sy\/es\/index.php?rest_route=%2Fwp%2Fv2%2Ftags&post=20326"}],"curies":[{"name":"wp","href":"https:\/\/api.w.org\/{rel}","templated":true}]}}