{"id":203301,"date":"2021-10-29T22:38:12","date_gmt":"2021-10-29T20:38:12","guid":{"rendered":"http:\/\/107.6.182.27\/es\/?p=203301"},"modified":"2023-01-12T14:39:58","modified_gmt":"2023-01-12T12:39:58","slug":"union-europea-reitera-su-llamado-a-israel-para-que-detenga-sus-planes-de-asentamiento","status":"publish","type":"post","link":"https:\/\/archive.sana.sy\/es\/?p=203301","title":{"rendered":"Uni\u00f3n Europea reitera su llamado a \u201cIsrael\u201d para que detenga sus planes de asentamiento"},"content":{"rendered":"<p style=\"text-align: justify;\"><span style=\"color: #800000;\"><strong>Bruselas, 29 oct (SANA)\u00a0 \u00a0<\/strong><\/span>La Uni\u00f3n Europea reiter\u00f3 su demanda hoy a la entidad de ocupaci\u00f3n israel\u00ed para que detenga sus planes de construir nuevos asentamientos en Cisjordania.<\/p>\n<p style=\"text-align: justify;\">Medios de comunicaci\u00f3n citaron al principal portavoz de asuntos exteriores de la Uni\u00f3n Europea, Peter Stano, diciendo que &#8220;los asentamientos son ilegales seg\u00fan el derecho internacional y constituyen un obst\u00e1culo importante ante el logro de una paz justa, duradera y completa\u201d.<\/p>\n<p style=\"text-align: justify;\">Enfatiz\u00f3 que la UE &#8220;no reconocer\u00e1 ning\u00fan cambio en las fronteras anteriores a 1967, incluso en Jerusal\u00e9n&#8221;.<\/p>\n<p style=\"text-align: justify;\">La v\u00edspera, 12 pa\u00edses europeos pidieron a la entidad israel\u00ed que detuviera sus planes de asentamiento en los territorios palestinos ocupados y que se retractara de un nuevo plan para construir unas tres mil unidades de asentamiento en la Cisjordania ocupada.<\/p>\n<p style=\"text-align: justify;\">fm<\/p>\n","protected":false},"excerpt":{"rendered":"<p>Bruselas, 29 oct (SANA)\u00a0 \u00a0La Uni\u00f3n Europea reiter\u00f3 su demanda hoy a la entidad de ocupaci\u00f3n israel\u00ed para que detenga sus planes de construir nuevos asentamientos en Cisjordania. Medios de comunicaci\u00f3n citaron al principal portavoz de asuntos exteriores de la Uni\u00f3n Europea, Peter Stano, diciendo que &#8220;los asentamientos son ilegales seg\u00fan el derecho internacional y &hellip;<\/p>\n","protected":false},"author":34,"featured_media":203302,"comment_status":"closed","ping_status":"closed","sticky":false,"template":"","format":"standard","meta":{"footnotes":""},"categories":[597,456,7541],"tags":[20025,19911,1494],"class_list":["post-203301","post","type-post","status-publish","format-standard","has-post-thumbnail","","category-cinta-de-noticias","category-arabe-internacional-politica","category-ultimas-noticias","tag-bruselas","tag-europa","tag-palestina"],"_links":{"self":[{"href":"https:\/\/archive.sana.sy\/es\/index.php?rest_route=\/wp\/v2\/posts\/203301"}],"collection":[{"href":"https:\/\/archive.sana.sy\/es\/index.php?rest_route=\/wp\/v2\/posts"}],"about":[{"href":"https:\/\/archive.sana.sy\/es\/index.php?rest_route=\/wp\/v2\/types\/post"}],"author":[{"embeddable":true,"href":"https:\/\/archive.sana.sy\/es\/index.php?rest_route=\/wp\/v2\/users\/34"}],"replies":[{"embeddable":true,"href":"https:\/\/archive.sana.sy\/es\/index.php?rest_route=%2Fwp%2Fv2%2Fcomments&post=203301"}],"version-history":[{"count":0,"href":"https:\/\/archive.sana.sy\/es\/index.php?rest_route=\/wp\/v2\/posts\/203301\/revisions"}],"wp:featuredmedia":[{"embeddable":true,"href":"https:\/\/archive.sana.sy\/es\/index.php?rest_route=\/wp\/v2\/media\/203302"}],"wp:attachment":[{"href":"https:\/\/archive.sana.sy\/es\/index.php?rest_route=%2Fwp%2Fv2%2Fmedia&parent=203301"}],"wp:term":[{"taxonomy":"category","embeddable":true,"href":"https:\/\/archive.sana.sy\/es\/index.php?rest_route=%2Fwp%2Fv2%2Fcategories&post=203301"},{"taxonomy":"post_tag","embeddable":true,"href":"https:\/\/archive.sana.sy\/es\/index.php?rest_route=%2Fwp%2Fv2%2Ftags&post=203301"}],"curies":[{"name":"wp","href":"https:\/\/api.w.org\/{rel}","templated":true}]}}