{"id":203328,"date":"2021-10-30T10:30:35","date_gmt":"2021-10-30T08:30:35","guid":{"rendered":"http:\/\/107.6.182.27\/es\/?p=203328"},"modified":"2023-01-10T14:24:45","modified_gmt":"2023-01-10T12:24:45","slug":"iran-renueva-su-exigencia-de-levantar-medidas-coercitivas-impuestas-a-siria","status":"publish","type":"post","link":"https:\/\/archive.sana.sy\/es\/?p=203328","title":{"rendered":"Ir\u00e1n renueva su exigencia de levantar medidas coercitivas impuestas a Siria"},"content":{"rendered":"<p style=\"text-align: justify;\"><span style=\"color: #800000;\"><strong>Nueva York, 30 oct (SANA) <\/strong><\/span>Ir\u00e1n destac\u00f3 la necesidad de levantar las medidas coercitivas unilaterales impuestas a Siria y detener el saqueo de sus riquezas.<\/p>\n<p style=\"text-align: justify;\">La Representante Adjunta de Ir\u00e1n ante la ONU, Zahra Ershadi, y durante una sesi\u00f3n de la Asamblea General de las Naciones Unidas celebrada ayer, exigi\u00f3 el levantamiento completo de las sanciones unilaterales contra el pueblo sirio.<\/p>\n<p style=\"text-align: justify;\">Asimismo, pidi\u00f3 la asistencia incondicional para el regreso de los desplazados a su patria y la reconstrucci\u00f3n de lo destruido por el terrorismo.<\/p>\n<p style=\"text-align: justify;\"><span style=\"color: #0000ff;\"><strong>sm\/rsh<\/strong><\/span><\/p>\n","protected":false},"excerpt":{"rendered":"<p>Nueva York, 30 oct (SANA) Ir\u00e1n destac\u00f3 la necesidad de levantar las medidas coercitivas unilaterales impuestas a Siria y detener el saqueo de sus riquezas. La Representante Adjunta de Ir\u00e1n ante la ONU, Zahra Ershadi, y durante una sesi\u00f3n de la Asamblea General de las Naciones Unidas celebrada ayer, exigi\u00f3 el levantamiento completo de las &hellip;<\/p>\n","protected":false},"author":39,"featured_media":203329,"comment_status":"closed","ping_status":"closed","sticky":false,"template":"","format":"standard","meta":{"footnotes":""},"categories":[447,597,457,467,7541],"tags":[20017,2866,20030,8813,6553,20029],"class_list":["post-203328","post","type-post","status-publish","format-standard","has-post-thumbnail","","category-local-politica","category-cinta-de-noticias","category-noticias-arabe-internacional-politica","category-siria-y-el-mundo","category-ultimas-noticias","tag-asamblea-general-de-las-naciones-unidas","tag-iran","tag-medidas-coercitivas-unilaterales-impuestas","tag-nueva-york","tag-siria","tag-zahra-ershadi"],"_links":{"self":[{"href":"https:\/\/archive.sana.sy\/es\/index.php?rest_route=\/wp\/v2\/posts\/203328"}],"collection":[{"href":"https:\/\/archive.sana.sy\/es\/index.php?rest_route=\/wp\/v2\/posts"}],"about":[{"href":"https:\/\/archive.sana.sy\/es\/index.php?rest_route=\/wp\/v2\/types\/post"}],"author":[{"embeddable":true,"href":"https:\/\/archive.sana.sy\/es\/index.php?rest_route=\/wp\/v2\/users\/39"}],"replies":[{"embeddable":true,"href":"https:\/\/archive.sana.sy\/es\/index.php?rest_route=%2Fwp%2Fv2%2Fcomments&post=203328"}],"version-history":[{"count":0,"href":"https:\/\/archive.sana.sy\/es\/index.php?rest_route=\/wp\/v2\/posts\/203328\/revisions"}],"wp:featuredmedia":[{"embeddable":true,"href":"https:\/\/archive.sana.sy\/es\/index.php?rest_route=\/wp\/v2\/media\/203329"}],"wp:attachment":[{"href":"https:\/\/archive.sana.sy\/es\/index.php?rest_route=%2Fwp%2Fv2%2Fmedia&parent=203328"}],"wp:term":[{"taxonomy":"category","embeddable":true,"href":"https:\/\/archive.sana.sy\/es\/index.php?rest_route=%2Fwp%2Fv2%2Fcategories&post=203328"},{"taxonomy":"post_tag","embeddable":true,"href":"https:\/\/archive.sana.sy\/es\/index.php?rest_route=%2Fwp%2Fv2%2Ftags&post=203328"}],"curies":[{"name":"wp","href":"https:\/\/api.w.org\/{rel}","templated":true}]}}