{"id":203374,"date":"2021-10-30T18:36:29","date_gmt":"2021-10-30T16:36:29","guid":{"rendered":"http:\/\/107.6.182.27\/es\/?p=203374"},"modified":"2023-01-10T14:24:43","modified_gmt":"2023-01-10T12:24:43","slug":"presidente-al-assad-ofrece-condolencias-por-fallecimiento-de-dos-destacadas-figuras-en-sweida","status":"publish","type":"post","link":"https:\/\/archive.sana.sy\/es\/?p=203374","title":{"rendered":"Presidente al-Assad ofrece condolencias por fallecimiento de dos destacadas figuras en Sweida"},"content":{"rendered":"<p style=\"text-align: justify;\"><span style=\"color: #800000;\"><strong>Sweida, 30 oct (SANA)\u00a0 \u00a0<\/strong><\/span>Encargado por el presidente Bashar al-Assad, el ministro de Asuntos Presidenciales, Mansour Azzam, ofreci\u00f3 sus condolencias por la desaparici\u00f3n f\u00edsica del Sheikh Kamil Nasr, miembro de la Uni\u00f3n de Ulemas del Levante.<\/p>\n<p style=\"text-align: justify;\">Asimismo, Azzam traslad\u00f3 el p\u00e9same del presidente al-Assad a la m\u00e1xima autoridad de la comunidad musulmana monote\u00edsta drusa, Yousef Jarbo, por la muerte del Sheikh Muza Kiwan.<\/p>\n<p style=\"text-align: justify;\">A su vez, las familias de los fallecidos y el Sheikh Jarbo expresaron su aprecio y gratitud al presidente al-Assad por sus p\u00e9sames.<\/p>\n<p style=\"text-align: justify;\">Los presentes en los actos de condolencias en la provincia de Sweida elogiaron los m\u00e9ritos y virtudes de los dos fallecidos y destacaron su posici\u00f3n patri\u00f3tica a nivel nacional.<\/p>\n<p style=\"text-align: justify;\">rr\/fm<\/p>\n<div id='gallery-1' class='gallery galleryid-203374 gallery-columns-1 gallery-size-full'><figure class='gallery-item'>\n\t\t\t<div class='gallery-icon landscape'>\n\t\t\t\t<a href='https:\/\/archive.sana.sy\/es\/wp-content\/uploads\/2021\/10\/01-3.jpg'><img loading=\"lazy\" decoding=\"async\" width=\"660\" height=\"414\" src=\"https:\/\/archive.sana.sy\/es\/wp-content\/uploads\/2021\/10\/01-3.jpg\" class=\"attachment-full size-full\" alt=\"\" srcset=\"https:\/\/archive.sana.sy\/es\/wp-content\/uploads\/2021\/10\/01-3.jpg 660w, https:\/\/archive.sana.sy\/es\/wp-content\/uploads\/2021\/10\/01-3-300x188.jpg 300w, https:\/\/archive.sana.sy\/es\/wp-content\/uploads\/2021\/10\/01-3-150x94.jpg 150w\" sizes=\"(max-width: 660px) 100vw, 660px\" \/><\/a>\n\t\t\t<\/div><\/figure>\n\t\t<\/div>\n\n<p style=\"text-align: justify;\">\n","protected":false},"excerpt":{"rendered":"<p>Sweida, 30 oct (SANA)\u00a0 \u00a0Encargado por el presidente Bashar al-Assad, el ministro de Asuntos Presidenciales, Mansour Azzam, ofreci\u00f3 sus condolencias por la desaparici\u00f3n f\u00edsica del Sheikh Kamil Nasr, miembro de la Uni\u00f3n de Ulemas del Levante. Asimismo, Azzam traslad\u00f3 el p\u00e9same del presidente al-Assad a la m\u00e1xima autoridad de la comunidad musulmana monote\u00edsta drusa, Yousef &hellip;<\/p>\n","protected":false},"author":34,"featured_media":203375,"comment_status":"closed","ping_status":"closed","sticky":false,"template":"","format":"standard","meta":{"footnotes":""},"categories":[447,477,597,476,457,583],"tags":[17875,19782,20039,20043,20041,20042,8882,19927,6553,8723,20040],"class_list":["post-203374","post","type-post","status-publish","format-standard","has-post-thumbnail","","category-local-politica","category-noticias-edulcorantes","category-cinta-de-noticias","category-locales","category-noticias-arabe-internacional-politica","category-slide","tag-assad","tag-bashar","tag-condolencias","tag-drusos","tag-fallecido","tag-monoteista","tag-presidente","tag-sheikh","tag-siria","tag-sweida","tag-ulemas"],"_links":{"self":[{"href":"https:\/\/archive.sana.sy\/es\/index.php?rest_route=\/wp\/v2\/posts\/203374"}],"collection":[{"href":"https:\/\/archive.sana.sy\/es\/index.php?rest_route=\/wp\/v2\/posts"}],"about":[{"href":"https:\/\/archive.sana.sy\/es\/index.php?rest_route=\/wp\/v2\/types\/post"}],"author":[{"embeddable":true,"href":"https:\/\/archive.sana.sy\/es\/index.php?rest_route=\/wp\/v2\/users\/34"}],"replies":[{"embeddable":true,"href":"https:\/\/archive.sana.sy\/es\/index.php?rest_route=%2Fwp%2Fv2%2Fcomments&post=203374"}],"version-history":[{"count":0,"href":"https:\/\/archive.sana.sy\/es\/index.php?rest_route=\/wp\/v2\/posts\/203374\/revisions"}],"wp:featuredmedia":[{"embeddable":true,"href":"https:\/\/archive.sana.sy\/es\/index.php?rest_route=\/wp\/v2\/media\/203375"}],"wp:attachment":[{"href":"https:\/\/archive.sana.sy\/es\/index.php?rest_route=%2Fwp%2Fv2%2Fmedia&parent=203374"}],"wp:term":[{"taxonomy":"category","embeddable":true,"href":"https:\/\/archive.sana.sy\/es\/index.php?rest_route=%2Fwp%2Fv2%2Fcategories&post=203374"},{"taxonomy":"post_tag","embeddable":true,"href":"https:\/\/archive.sana.sy\/es\/index.php?rest_route=%2Fwp%2Fv2%2Ftags&post=203374"}],"curies":[{"name":"wp","href":"https:\/\/api.w.org\/{rel}","templated":true}]}}