{"id":203457,"date":"2021-10-31T21:07:54","date_gmt":"2021-10-31T19:07:54","guid":{"rendered":"http:\/\/107.6.182.27\/es\/?p=203457"},"modified":"2021-10-31T21:11:50","modified_gmt":"2021-10-31T19:11:50","slug":"arzobispo-de-los-armenios-de-teheran-expreso-su-respaldo-a-siria","status":"publish","type":"post","link":"https:\/\/archive.sana.sy\/es\/?p=203457","title":{"rendered":"Arzobispo de los armenios de Teher\u00e1n expres\u00f3 su respaldo a Siria"},"content":{"rendered":"<p style=\"text-align: justify;\"><strong><span style=\"color: #800000;\">Teher\u00e1n, 31 oct (SANA)<\/span><\/strong>\u00a0 El arzobispo de los armenios en Teher\u00e1n, Siboh Sarkissian, reiter\u00f3 su apoyo al Estado sirio en su guerra contra el terrorismo.<\/p>\n<p style=\"text-align: justify;\">Durante su reuni\u00f3n con el embajador de Siria en Teher\u00e1n, Shafiq Dayob, el obispo dijo que &#8220;nuestro apoyo al liderazgo y al pueblo de Siria que sufre una d\u00e9cada de guerra terrorista impuesta, pero no hay duda de que los sirios vencer\u00e1n a pesar de todas las conspiraciones encaminadas a socavar su soberan\u00eda e independencia&#8221;.<\/p>\n<p style=\"text-align: justify;\">Siria es un pa\u00eds de civilizaciones, historia y autenticidad, y es el lugar que acoge todas las religiones sin discriminaci\u00f3n, agreg\u00f3.<\/p>\n<p style=\"text-align: justify;\">A su vez, el embajador Dayob dijo que cualquier conspiraci\u00f3n contra Siria est\u00e1 condenada al fracaso debido a la unidad del pueblo sirio para defender su tierra y su pa\u00eds .<\/p>\n<div id='gallery-1' class='gallery galleryid-203457 gallery-columns-1 gallery-size-full'><figure class='gallery-item'>\n\t\t\t<div class='gallery-icon landscape'>\n\t\t\t\t<a href='https:\/\/archive.sana.sy\/es\/?attachment_id=203459'><img loading=\"lazy\" decoding=\"async\" width=\"700\" height=\"437\" src=\"https:\/\/archive.sana.sy\/es\/wp-content\/uploads\/2021\/10\/matran11.jpg\" class=\"attachment-full size-full\" alt=\"\" srcset=\"https:\/\/archive.sana.sy\/es\/wp-content\/uploads\/2021\/10\/matran11.jpg 700w, https:\/\/archive.sana.sy\/es\/wp-content\/uploads\/2021\/10\/matran11-300x187.jpg 300w, https:\/\/archive.sana.sy\/es\/wp-content\/uploads\/2021\/10\/matran11-150x94.jpg 150w\" sizes=\"(max-width: 700px) 100vw, 700px\" \/><\/a>\n\t\t\t<\/div><\/figure>\n\t\t<\/div>\n\n<p style=\"text-align: justify;\"><span style=\"color: #0000ff;\"><strong>ws\/fm<\/strong><\/span><\/p>\n","protected":false},"excerpt":{"rendered":"<p>Teher\u00e1n, 31 oct (SANA)\u00a0 El arzobispo de los armenios en Teher\u00e1n, Siboh Sarkissian, reiter\u00f3 su apoyo al Estado sirio en su guerra contra el terrorismo. Durante su reuni\u00f3n con el embajador de Siria en Teher\u00e1n, Shafiq Dayob, el obispo dijo que &#8220;nuestro apoyo al liderazgo y al pueblo de Siria que sufre una d\u00e9cada de &hellip;<\/p>\n","protected":false},"author":35,"featured_media":203458,"comment_status":"closed","ping_status":"closed","sticky":false,"template":"","format":"standard","meta":{"footnotes":""},"categories":[597,467,7541],"tags":[20047,1347,6553,19966],"class_list":["post-203457","post","type-post","status-publish","format-standard","has-post-thumbnail","","category-cinta-de-noticias","category-siria-y-el-mundo","category-ultimas-noticias","tag-arzobispo","tag-sana","tag-siria","tag-teheran"],"_links":{"self":[{"href":"https:\/\/archive.sana.sy\/es\/index.php?rest_route=\/wp\/v2\/posts\/203457"}],"collection":[{"href":"https:\/\/archive.sana.sy\/es\/index.php?rest_route=\/wp\/v2\/posts"}],"about":[{"href":"https:\/\/archive.sana.sy\/es\/index.php?rest_route=\/wp\/v2\/types\/post"}],"author":[{"embeddable":true,"href":"https:\/\/archive.sana.sy\/es\/index.php?rest_route=\/wp\/v2\/users\/35"}],"replies":[{"embeddable":true,"href":"https:\/\/archive.sana.sy\/es\/index.php?rest_route=%2Fwp%2Fv2%2Fcomments&post=203457"}],"version-history":[{"count":0,"href":"https:\/\/archive.sana.sy\/es\/index.php?rest_route=\/wp\/v2\/posts\/203457\/revisions"}],"wp:featuredmedia":[{"embeddable":true,"href":"https:\/\/archive.sana.sy\/es\/index.php?rest_route=\/wp\/v2\/media\/203458"}],"wp:attachment":[{"href":"https:\/\/archive.sana.sy\/es\/index.php?rest_route=%2Fwp%2Fv2%2Fmedia&parent=203457"}],"wp:term":[{"taxonomy":"category","embeddable":true,"href":"https:\/\/archive.sana.sy\/es\/index.php?rest_route=%2Fwp%2Fv2%2Fcategories&post=203457"},{"taxonomy":"post_tag","embeddable":true,"href":"https:\/\/archive.sana.sy\/es\/index.php?rest_route=%2Fwp%2Fv2%2Ftags&post=203457"}],"curies":[{"name":"wp","href":"https:\/\/api.w.org\/{rel}","templated":true}]}}