{"id":203462,"date":"2021-10-31T13:54:50","date_gmt":"2021-10-31T11:54:50","guid":{"rendered":"http:\/\/107.6.182.27\/es\/?p=203462"},"modified":"2021-10-31T14:25:35","modified_gmt":"2021-10-31T12:25:35","slug":"siria-y-oman-examinan-vias-de-impulsar-relaciones-en-campo-de-la-salud","status":"publish","type":"post","link":"https:\/\/archive.sana.sy\/es\/?p=203462","title":{"rendered":"Siria y Om\u00e1n examinan v\u00edas de impulsar relaciones en campo de la salud"},"content":{"rendered":"<p style=\"text-align: justify;\"><strong><span style=\"color: #800000;\">Mascat, 31 oct (SANA)<\/span><\/strong>\u00a0 El viceprimer ministro para Asuntos del Gabinete de la Sultan\u00eda de Om\u00e1n, Fahd bin Mahmoud Al Said, examin\u00f3 en Mascat, con el ministro de Salud, Hassan Al-Ghubash, las relaciones bilaterales entre los dos pa\u00edses hermanos y las formas de fomentarlas, especialmente en el campo de salud.<\/p>\n<p style=\"text-align: justify;\">Seg\u00fan difundi\u00f3 la Agencia de Noticias de Om\u00e1n, Al Said expres\u00f3 sus buenos deseos de mayor progreso y desarrollo para la direcci\u00f3n y el hermano pueblo sirios.<\/p>\n<p style=\"text-align: justify;\">A su vez, el ministro Al-Ghubash transmiti\u00f3 los saludos del presidente Bashar al-Assad a Su Majestad el sult\u00e1n Haitham bin Tariq, sult\u00e1n de Om\u00e1n, y esper\u00f3 que se desarrollen las relaciones bilaterales entre las dos partes.<\/p>\n<p style=\"text-align: justify;\">Asimismo, se examin\u00f3 la cooperaci\u00f3n en las \u00e1reas de servicios terap\u00e9uticos y las maneras de beneficiarse de la experiencia de Om\u00e1n para enfrentar la pandemia de la Covid-19.<\/p>\n<p style=\"text-align: justify;\">Se abord\u00f3 tambi\u00e9n en la reuni\u00f3n la evoluci\u00f3n de la situaci\u00f3n en los \u00e1mbitos regional e internacional, y el titular de Salud expres\u00f3 el reconocimiento de Siria a Om\u00e1n por sus posturas fraternales.<\/p>\n<p style=\"text-align: justify;\"><span style=\"color: #0000ff;\"><strong>fm\/ws<\/strong><\/span><\/p>\n","protected":false},"excerpt":{"rendered":"<p>Mascat, 31 oct (SANA)\u00a0 El viceprimer ministro para Asuntos del Gabinete de la Sultan\u00eda de Om\u00e1n, Fahd bin Mahmoud Al Said, examin\u00f3 en Mascat, con el ministro de Salud, Hassan Al-Ghubash, las relaciones bilaterales entre los dos pa\u00edses hermanos y las formas de fomentarlas, especialmente en el campo de salud. Seg\u00fan difundi\u00f3 la Agencia de &hellip;<\/p>\n","protected":false},"author":35,"featured_media":203467,"comment_status":"closed","ping_status":"closed","sticky":false,"template":"","format":"standard","meta":{"footnotes":""},"categories":[477,447,597,467,583,1],"tags":[],"class_list":["post-203462","post","type-post","status-publish","format-standard","has-post-thumbnail","","category-noticias-edulcorantes","category-local-politica","category-cinta-de-noticias","category-siria-y-el-mundo","category-slide","category-news-not-sorted"],"_links":{"self":[{"href":"https:\/\/archive.sana.sy\/es\/index.php?rest_route=\/wp\/v2\/posts\/203462"}],"collection":[{"href":"https:\/\/archive.sana.sy\/es\/index.php?rest_route=\/wp\/v2\/posts"}],"about":[{"href":"https:\/\/archive.sana.sy\/es\/index.php?rest_route=\/wp\/v2\/types\/post"}],"author":[{"embeddable":true,"href":"https:\/\/archive.sana.sy\/es\/index.php?rest_route=\/wp\/v2\/users\/35"}],"replies":[{"embeddable":true,"href":"https:\/\/archive.sana.sy\/es\/index.php?rest_route=%2Fwp%2Fv2%2Fcomments&post=203462"}],"version-history":[{"count":0,"href":"https:\/\/archive.sana.sy\/es\/index.php?rest_route=\/wp\/v2\/posts\/203462\/revisions"}],"wp:featuredmedia":[{"embeddable":true,"href":"https:\/\/archive.sana.sy\/es\/index.php?rest_route=\/wp\/v2\/media\/203467"}],"wp:attachment":[{"href":"https:\/\/archive.sana.sy\/es\/index.php?rest_route=%2Fwp%2Fv2%2Fmedia&parent=203462"}],"wp:term":[{"taxonomy":"category","embeddable":true,"href":"https:\/\/archive.sana.sy\/es\/index.php?rest_route=%2Fwp%2Fv2%2Fcategories&post=203462"},{"taxonomy":"post_tag","embeddable":true,"href":"https:\/\/archive.sana.sy\/es\/index.php?rest_route=%2Fwp%2Fv2%2Ftags&post=203462"}],"curies":[{"name":"wp","href":"https:\/\/api.w.org\/{rel}","templated":true}]}}