{"id":203472,"date":"2021-10-31T21:08:22","date_gmt":"2021-10-31T19:08:22","guid":{"rendered":"http:\/\/107.6.182.27\/es\/?p=203472"},"modified":"2023-01-10T14:24:43","modified_gmt":"2023-01-10T12:24:43","slug":"argelia-conmemora-67o-aniversario-de-su-revolucion-y-reitera-interes-por-fortalecer-comunicacion-con-siria","status":"publish","type":"post","link":"https:\/\/archive.sana.sy\/es\/?p=203472","title":{"rendered":"Argelia conmemora 67\u00ba aniversario de su Revoluci\u00f3n y reitera inter\u00e9s por fortalecer comunicaci\u00f3n con Siria"},"content":{"rendered":"<p style=\"text-align: justify;\"><span style=\"color: #800000;\"><strong>Damasco, 31 oct (SANA)\u00a0\u00a0<\/strong> <\/span>Argelia celebra este lunes 01 de noviembre, el 67\u00ba aniversario de su Revoluci\u00f3n de Liberaci\u00f3n que constituy\u00f3 un gran logro por el cual el pueblo argelino ofreci\u00f3 grandes sacrificios, mientras los principios e ideales de esta Revoluci\u00f3n se convirtieron en un enfoque seguido por los pueblos de \u00c1frica, Asia y Am\u00e9rica Latina en sus luchas por la liberaci\u00f3n del colonialismo.<\/p>\n<p style=\"text-align: justify;\">En entrevista con SANA, el embajador argelino en Damasco, Lahcen Tohamy, se\u00f1al\u00f3 que la Revoluci\u00f3n culmin\u00f3 una lucha de sucesivas resistencias populares contra el colonialismo, a las que se suma la resistencia del Emir Abdel-Qader al-Jazaery, cuyas haza\u00f1as heroicas, intelectuales y humanas enriquecieron la civilizaci\u00f3n mundial, mientras su residencia en Damasco fortaleci\u00f3 las relaciones argelino-sirias.<\/p>\n<p style=\"text-align: justify;\">Asimismo, destac\u00f3 que las relaciones entre los dos pa\u00edses siempre se han caracterizado por la cohesi\u00f3n popular y el continuo af\u00e1n de los liderazgos de los dos pa\u00edses para fortalecer los puentes de comunicaci\u00f3n, consulta y coordinaci\u00f3n.<\/p>\n<p style=\"text-align: justify;\">El diplom\u00e1tico indic\u00f3 que existe un deseo sincero y rec\u00edproco de que ambas partes busquen oportunidades de asociaci\u00f3n para impulsar y enriquecer las relaciones bilaterales en diversos campos.<\/p>\n<p style=\"text-align: justify;\">Destac\u00f3 las contribuciones de Argelia y su Revoluci\u00f3n a la consolidaci\u00f3n de los valores de libertad, justicia e igualdad de derechos entre los pueblos.<\/p>\n<p style=\"text-align: justify;\">La Revoluci\u00f3n permanecer\u00e1 eternamente en la memoria de todos los pueblos que aman la libertad y anhelan la independencia, incluido el pueblo sirio que apoy\u00f3 firmemente a la Revoluci\u00f3n, asegur\u00f3.<\/p>\n<p style=\"text-align: justify;\">fm<\/p>\n","protected":false},"excerpt":{"rendered":"<p>Damasco, 31 oct (SANA)\u00a0\u00a0 Argelia celebra este lunes 01 de noviembre, el 67\u00ba aniversario de su Revoluci\u00f3n de Liberaci\u00f3n que constituy\u00f3 un gran logro por el cual el pueblo argelino ofreci\u00f3 grandes sacrificios, mientras los principios e ideales de esta Revoluci\u00f3n se convirtieron en un enfoque seguido por los pueblos de \u00c1frica, Asia y Am\u00e9rica &hellip;<\/p>\n","protected":false},"author":34,"featured_media":203473,"comment_status":"closed","ping_status":"closed","sticky":false,"template":"","format":"standard","meta":{"footnotes":""},"categories":[447,477,597,457,467,7541],"tags":[],"class_list":["post-203472","post","type-post","status-publish","format-standard","has-post-thumbnail","","category-local-politica","category-noticias-edulcorantes","category-cinta-de-noticias","category-noticias-arabe-internacional-politica","category-siria-y-el-mundo","category-ultimas-noticias"],"_links":{"self":[{"href":"https:\/\/archive.sana.sy\/es\/index.php?rest_route=\/wp\/v2\/posts\/203472"}],"collection":[{"href":"https:\/\/archive.sana.sy\/es\/index.php?rest_route=\/wp\/v2\/posts"}],"about":[{"href":"https:\/\/archive.sana.sy\/es\/index.php?rest_route=\/wp\/v2\/types\/post"}],"author":[{"embeddable":true,"href":"https:\/\/archive.sana.sy\/es\/index.php?rest_route=\/wp\/v2\/users\/34"}],"replies":[{"embeddable":true,"href":"https:\/\/archive.sana.sy\/es\/index.php?rest_route=%2Fwp%2Fv2%2Fcomments&post=203472"}],"version-history":[{"count":0,"href":"https:\/\/archive.sana.sy\/es\/index.php?rest_route=\/wp\/v2\/posts\/203472\/revisions"}],"wp:featuredmedia":[{"embeddable":true,"href":"https:\/\/archive.sana.sy\/es\/index.php?rest_route=\/wp\/v2\/media\/203473"}],"wp:attachment":[{"href":"https:\/\/archive.sana.sy\/es\/index.php?rest_route=%2Fwp%2Fv2%2Fmedia&parent=203472"}],"wp:term":[{"taxonomy":"category","embeddable":true,"href":"https:\/\/archive.sana.sy\/es\/index.php?rest_route=%2Fwp%2Fv2%2Fcategories&post=203472"},{"taxonomy":"post_tag","embeddable":true,"href":"https:\/\/archive.sana.sy\/es\/index.php?rest_route=%2Fwp%2Fv2%2Ftags&post=203472"}],"curies":[{"name":"wp","href":"https:\/\/api.w.org\/{rel}","templated":true}]}}