{"id":203479,"date":"2021-10-31T21:09:35","date_gmt":"2021-10-31T19:09:35","guid":{"rendered":"http:\/\/107.6.182.27\/es\/?p=203479"},"modified":"2021-10-31T21:11:34","modified_gmt":"2021-10-31T19:11:34","slug":"dia-cultural-sirio-en-suecia","status":"publish","type":"post","link":"https:\/\/archive.sana.sy\/es\/?p=203479","title":{"rendered":"Jornada Cultural Siria en Suecia"},"content":{"rendered":"<p style=\"text-align: justify;\"><span style=\"color: #800000;\"><strong>Estocolmo, 31 oct (SANA)\u00a0 \u00a0 <\/strong><\/span>La asociaci\u00f3n &#8220;Casa del Jazm\u00edn&#8221; en Suecia celebr\u00f3 el D\u00eda Cultural Sirio en colaboraci\u00f3n con la Uni\u00f3n Nacional de Expatriados Sirios en Suecia y Europa.<\/p>\n<p style=\"text-align: justify;\">Samir Benjaro, director de la asociaci\u00f3n, detall\u00f3 a nuestro corresponsal que el evento, que representa la primera actividad de la asociaci\u00f3n, apunta a fortalecer la comunicaci\u00f3n entre los expatriados sirios en Suecia y la patria mediante la introducci\u00f3n de la creatividad, el arte y el legado cultural sirios.<\/p>\n<p style=\"text-align: justify;\">Benjaro se\u00f1al\u00f3 la importancia del evento y las actividades extranjeras para contrarrestar los intentos de desinformaci\u00f3n que ejercen los medios de comunicaci\u00f3n occidentales contra Siria.<\/p>\n<p style=\"text-align: justify;\">Basil Yassin, vicepresidente de la Uni\u00f3n Nacional de Expatriados Sirios en Suecia, destac\u00f3 la importancia de fortalecer la relaci\u00f3n de la comunidad expatriada y su patria y unir esfuerzos en su inter\u00e9s.<\/p>\n<p style=\"text-align: justify;\">Al evento asistieron el Primer Secretario de la Misi\u00f3n Diplom\u00e1tica de Siria en Suecia, Ihab al-Yousef, varios funcionarios municipales en el \u00e1rea de Yar Villa y varios miembros de la comunidad siria.<\/p>\n<p style=\"text-align: justify;\"><strong>ah\/rsh<\/strong><\/p>\n","protected":false},"excerpt":{"rendered":"<p>Estocolmo, 31 oct (SANA)\u00a0 \u00a0 La asociaci\u00f3n &#8220;Casa del Jazm\u00edn&#8221; en Suecia celebr\u00f3 el D\u00eda Cultural Sirio en colaboraci\u00f3n con la Uni\u00f3n Nacional de Expatriados Sirios en Suecia y Europa. Samir Benjaro, director de la asociaci\u00f3n, detall\u00f3 a nuestro corresponsal que el evento, que representa la primera actividad de la asociaci\u00f3n, apunta a fortalecer la &hellip;<\/p>\n","protected":false},"author":30,"featured_media":203480,"comment_status":"closed","ping_status":"closed","sticky":false,"template":"","format":"standard","meta":{"footnotes":""},"categories":[597,456,7541],"tags":[20056,7161,20057,6553,20055],"class_list":["post-203479","post","type-post","status-publish","format-standard","has-post-thumbnail","","category-cinta-de-noticias","category-arabe-internacional-politica","category-ultimas-noticias","tag-arte","tag-damasco","tag-estocolmo","tag-siria","tag-suecia"],"_links":{"self":[{"href":"https:\/\/archive.sana.sy\/es\/index.php?rest_route=\/wp\/v2\/posts\/203479"}],"collection":[{"href":"https:\/\/archive.sana.sy\/es\/index.php?rest_route=\/wp\/v2\/posts"}],"about":[{"href":"https:\/\/archive.sana.sy\/es\/index.php?rest_route=\/wp\/v2\/types\/post"}],"author":[{"embeddable":true,"href":"https:\/\/archive.sana.sy\/es\/index.php?rest_route=\/wp\/v2\/users\/30"}],"replies":[{"embeddable":true,"href":"https:\/\/archive.sana.sy\/es\/index.php?rest_route=%2Fwp%2Fv2%2Fcomments&post=203479"}],"version-history":[{"count":0,"href":"https:\/\/archive.sana.sy\/es\/index.php?rest_route=\/wp\/v2\/posts\/203479\/revisions"}],"wp:featuredmedia":[{"embeddable":true,"href":"https:\/\/archive.sana.sy\/es\/index.php?rest_route=\/wp\/v2\/media\/203480"}],"wp:attachment":[{"href":"https:\/\/archive.sana.sy\/es\/index.php?rest_route=%2Fwp%2Fv2%2Fmedia&parent=203479"}],"wp:term":[{"taxonomy":"category","embeddable":true,"href":"https:\/\/archive.sana.sy\/es\/index.php?rest_route=%2Fwp%2Fv2%2Fcategories&post=203479"},{"taxonomy":"post_tag","embeddable":true,"href":"https:\/\/archive.sana.sy\/es\/index.php?rest_route=%2Fwp%2Fv2%2Ftags&post=203479"}],"curies":[{"name":"wp","href":"https:\/\/api.w.org\/{rel}","templated":true}]}}