{"id":203508,"date":"2021-10-31T21:40:00","date_gmt":"2021-10-31T19:40:00","guid":{"rendered":"http:\/\/107.6.182.27\/es\/?p=203508"},"modified":"2021-10-31T21:40:00","modified_gmt":"2021-10-31T19:40:00","slug":"165-mil-mujeres-se-beneficiaron-de-la-campana-nacional-de-deteccion-temprana-del-cancer-de-mama","status":"publish","type":"post","link":"https:\/\/archive.sana.sy\/es\/?p=203508","title":{"rendered":"165 mil mujeres se beneficiaron de la campa\u00f1a nacional de detecci\u00f3n temprana del c\u00e1ncer de mama"},"content":{"rendered":"<p style=\"text-align: justify;\"><span style=\"color: #800000;\"><strong>Damasco, 31 oct (SANA)\u00a0 \u00a0<\/strong><\/span>La campa\u00f1a de detecci\u00f3n temprana del c\u00e1ncer de mama en Siria lleg\u00f3 a unas 165 mil mujeres en centros y hospitales del Ministerio de Salud.<\/p>\n<p style=\"text-align: justify;\">Durante esa campa\u00f1a que dur\u00f3 tres semanas se realizaron m\u00e1s de 2.000 mamograf\u00edas.<\/p>\n<p style=\"text-align: justify;\">La viceministra de Salud, Razan Saluta, atribuy\u00f3 el alcance de la campa\u00f1a a menos mujeres que en 2018 y 2019 a la propagaci\u00f3n de la pandemia del Covid-19, que tambi\u00e9n afect\u00f3 la implementaci\u00f3n de la campa\u00f1a de 2020 y la ocupaci\u00f3n de la mayor\u00eda de las instalaciones de salud con el plan de respuesta a la pandemia.<\/p>\n<p style=\"text-align: justify;\">Saluta indic\u00f3 el Ministerio brinda servicios de detecci\u00f3n temprana del c\u00e1ncer de mama de forma gratuita y durante todo el a\u00f1o.<\/p>\n<p style=\"text-align: justify;\">La campa\u00f1a de 2018 alcanz\u00f3 m\u00e1s de un cuarto de mill\u00f3n de mujeres, mientras que la campa\u00f1a de 2019 alcanz\u00f3 350 mil de ellas.<\/p>\n<p style=\"text-align: justify;\"><strong>ah\/fm<\/strong><\/p>\n","protected":false},"excerpt":{"rendered":"<p>Damasco, 31 oct (SANA)\u00a0 \u00a0La campa\u00f1a de detecci\u00f3n temprana del c\u00e1ncer de mama en Siria lleg\u00f3 a unas 165 mil mujeres en centros y hospitales del Ministerio de Salud. Durante esa campa\u00f1a que dur\u00f3 tres semanas se realizaron m\u00e1s de 2.000 mamograf\u00edas. La viceministra de Salud, Razan Saluta, atribuy\u00f3 el alcance de la campa\u00f1a a &hellip;<\/p>\n","protected":false},"author":30,"featured_media":203509,"comment_status":"closed","ping_status":"closed","sticky":false,"template":"","format":"standard","meta":{"footnotes":""},"categories":[597,476,457,7541],"tags":[20063,7161,6553],"class_list":["post-203508","post","type-post","status-publish","format-standard","has-post-thumbnail","","category-cinta-de-noticias","category-locales","category-noticias-arabe-internacional-politica","category-ultimas-noticias","tag-cancer-de-mama","tag-damasco","tag-siria"],"_links":{"self":[{"href":"https:\/\/archive.sana.sy\/es\/index.php?rest_route=\/wp\/v2\/posts\/203508"}],"collection":[{"href":"https:\/\/archive.sana.sy\/es\/index.php?rest_route=\/wp\/v2\/posts"}],"about":[{"href":"https:\/\/archive.sana.sy\/es\/index.php?rest_route=\/wp\/v2\/types\/post"}],"author":[{"embeddable":true,"href":"https:\/\/archive.sana.sy\/es\/index.php?rest_route=\/wp\/v2\/users\/30"}],"replies":[{"embeddable":true,"href":"https:\/\/archive.sana.sy\/es\/index.php?rest_route=%2Fwp%2Fv2%2Fcomments&post=203508"}],"version-history":[{"count":0,"href":"https:\/\/archive.sana.sy\/es\/index.php?rest_route=\/wp\/v2\/posts\/203508\/revisions"}],"wp:featuredmedia":[{"embeddable":true,"href":"https:\/\/archive.sana.sy\/es\/index.php?rest_route=\/wp\/v2\/media\/203509"}],"wp:attachment":[{"href":"https:\/\/archive.sana.sy\/es\/index.php?rest_route=%2Fwp%2Fv2%2Fmedia&parent=203508"}],"wp:term":[{"taxonomy":"category","embeddable":true,"href":"https:\/\/archive.sana.sy\/es\/index.php?rest_route=%2Fwp%2Fv2%2Fcategories&post=203508"},{"taxonomy":"post_tag","embeddable":true,"href":"https:\/\/archive.sana.sy\/es\/index.php?rest_route=%2Fwp%2Fv2%2Ftags&post=203508"}],"curies":[{"name":"wp","href":"https:\/\/api.w.org\/{rel}","templated":true}]}}