{"id":203511,"date":"2021-10-31T22:12:08","date_gmt":"2021-10-31T20:12:08","guid":{"rendered":"http:\/\/107.6.182.27\/es\/?p=203511"},"modified":"2023-01-12T14:39:57","modified_gmt":"2023-01-12T12:39:57","slug":"la-otan-no-quiere-ninguna-interaccion-con-rusia-afirma-lavrov","status":"publish","type":"post","link":"https:\/\/archive.sana.sy\/es\/?p=203511","title":{"rendered":"La OTAN no quiere ninguna interacci\u00f3n con Rusia, afirma Lavrov"},"content":{"rendered":"<p style=\"text-align: justify;\"><span style=\"color: #800000;\"><strong>Mosc\u00fa, 31 oct (SANA)\u00a0 \u00a0<\/strong><\/span>El canciller ruso, Sergei Lavrov, afirm\u00f3 que Mosc\u00fa no tiene informaci\u00f3n sobre las intenciones de la Organizaci\u00f3n del Tratado del Atl\u00e1ntico Norte &#8220;OTAN&#8221;, pero los hechos indican que no quiere ninguna interacci\u00f3n con Rusia.<\/p>\n<p style=\"text-align: justify;\">&#8220;Si la OTAN quiere contactarnos podr\u00eda hacerlo a trav\u00e9s de nuestro embajador en B\u00e9lgica que es la responsable de las relaciones bilaterales&#8221;, dijo Lavrov hoy en un comunicado citado por Sputnik.<\/p>\n<p style=\"text-align: justify;\">Las relaciones entre Rusia y la OTAN se han tensado recientemente debido al incremento de la presencia militar de la Alianza en las fronteras rusas, lo que Mosc\u00fa considera una violaci\u00f3n del documento b\u00e1sico de relaciones con la OTAN.<\/p>\n<p style=\"text-align: justify;\"><strong>ah\/fm<\/strong><\/p>\n","protected":false},"excerpt":{"rendered":"<p>Mosc\u00fa, 31 oct (SANA)\u00a0 \u00a0El canciller ruso, Sergei Lavrov, afirm\u00f3 que Mosc\u00fa no tiene informaci\u00f3n sobre las intenciones de la Organizaci\u00f3n del Tratado del Atl\u00e1ntico Norte &#8220;OTAN&#8221;, pero los hechos indican que no quiere ninguna interacci\u00f3n con Rusia. &#8220;Si la OTAN quiere contactarnos podr\u00eda hacerlo a trav\u00e9s de nuestro embajador en B\u00e9lgica que es la &hellip;<\/p>\n","protected":false},"author":30,"featured_media":203512,"comment_status":"closed","ping_status":"closed","sticky":false,"template":"","format":"standard","meta":{"footnotes":""},"categories":[597,456],"tags":[8779,19811,6695],"class_list":["post-203511","post","type-post","status-publish","format-standard","has-post-thumbnail","","category-cinta-de-noticias","category-arabe-internacional-politica","tag-lavrov","tag-otan","tag-rusia"],"_links":{"self":[{"href":"https:\/\/archive.sana.sy\/es\/index.php?rest_route=\/wp\/v2\/posts\/203511"}],"collection":[{"href":"https:\/\/archive.sana.sy\/es\/index.php?rest_route=\/wp\/v2\/posts"}],"about":[{"href":"https:\/\/archive.sana.sy\/es\/index.php?rest_route=\/wp\/v2\/types\/post"}],"author":[{"embeddable":true,"href":"https:\/\/archive.sana.sy\/es\/index.php?rest_route=\/wp\/v2\/users\/30"}],"replies":[{"embeddable":true,"href":"https:\/\/archive.sana.sy\/es\/index.php?rest_route=%2Fwp%2Fv2%2Fcomments&post=203511"}],"version-history":[{"count":0,"href":"https:\/\/archive.sana.sy\/es\/index.php?rest_route=\/wp\/v2\/posts\/203511\/revisions"}],"wp:featuredmedia":[{"embeddable":true,"href":"https:\/\/archive.sana.sy\/es\/index.php?rest_route=\/wp\/v2\/media\/203512"}],"wp:attachment":[{"href":"https:\/\/archive.sana.sy\/es\/index.php?rest_route=%2Fwp%2Fv2%2Fmedia&parent=203511"}],"wp:term":[{"taxonomy":"category","embeddable":true,"href":"https:\/\/archive.sana.sy\/es\/index.php?rest_route=%2Fwp%2Fv2%2Fcategories&post=203511"},{"taxonomy":"post_tag","embeddable":true,"href":"https:\/\/archive.sana.sy\/es\/index.php?rest_route=%2Fwp%2Fv2%2Ftags&post=203511"}],"curies":[{"name":"wp","href":"https:\/\/api.w.org\/{rel}","templated":true}]}}