{"id":203707,"date":"2021-11-01T09:49:32","date_gmt":"2021-11-01T07:49:32","guid":{"rendered":"http:\/\/107.6.182.27\/es\/?p=203707"},"modified":"2021-11-01T22:42:48","modified_gmt":"2021-11-01T20:42:48","slug":"siria-reporta-262-nuevos-casos-de-covid-19","status":"publish","type":"post","link":"https:\/\/archive.sana.sy\/es\/?p=203707","title":{"rendered":"Siria reporta 262 nuevos casos de Covid-19"},"content":{"rendered":"<p style=\"text-align: justify;\"><strong><span style=\"color: #800000;\">Damasco, 01 nov (SANA)<\/span><\/strong>\u00a0 El Ministerio de Salud confirm\u00f3 262 nuevos casos y diez decesos por la Covid-19.<\/p>\n<p style=\"text-align: justify;\">\u201cEl total de infectados en el pa\u00eds aument\u00f3 a 43 mil 666 mientras los decesos se elev\u00f3 2,576\u201d, precis\u00f3 el parte diario del ente.<\/p>\n<p style=\"text-align: justify;\">Agreg\u00f3 que 95 personas se recuperaron para un total de 26,468.<\/p>\n<p style=\"text-align: justify;\">Siria enfrenta esta pandemia en medio de un bloqueo injusto asfixiante impuesto por EEUU y algunos pa\u00edses de la UE, lo cual dificulta las capacidades del pa\u00eds de enfrentar esta pandemia.<\/p>\n<p style=\"text-align: justify;\">fm\/rr<\/p>\n","protected":false},"excerpt":{"rendered":"<p>Damasco, 01 nov (SANA)\u00a0 El Ministerio de Salud confirm\u00f3 262 nuevos casos y diez decesos por la Covid-19. \u201cEl total de infectados en el pa\u00eds aument\u00f3 a 43 mil 666 mientras los decesos se elev\u00f3 2,576\u201d, precis\u00f3 el parte diario del ente. Agreg\u00f3 que 95 personas se recuperaron para un total de 26,468. Siria enfrenta &hellip;<\/p>\n","protected":false},"author":31,"featured_media":203708,"comment_status":"closed","ping_status":"closed","sticky":false,"template":"","format":"standard","meta":{"footnotes":""},"categories":[597,476,583],"tags":[19807,20069,19685,6553],"class_list":["post-203707","post","type-post","status-publish","format-standard","has-post-thumbnail","","category-cinta-de-noticias","category-locales","category-slide","tag-bloqueo","tag-coronaviros","tag-covid19","tag-siria"],"_links":{"self":[{"href":"https:\/\/archive.sana.sy\/es\/index.php?rest_route=\/wp\/v2\/posts\/203707"}],"collection":[{"href":"https:\/\/archive.sana.sy\/es\/index.php?rest_route=\/wp\/v2\/posts"}],"about":[{"href":"https:\/\/archive.sana.sy\/es\/index.php?rest_route=\/wp\/v2\/types\/post"}],"author":[{"embeddable":true,"href":"https:\/\/archive.sana.sy\/es\/index.php?rest_route=\/wp\/v2\/users\/31"}],"replies":[{"embeddable":true,"href":"https:\/\/archive.sana.sy\/es\/index.php?rest_route=%2Fwp%2Fv2%2Fcomments&post=203707"}],"version-history":[{"count":0,"href":"https:\/\/archive.sana.sy\/es\/index.php?rest_route=\/wp\/v2\/posts\/203707\/revisions"}],"wp:featuredmedia":[{"embeddable":true,"href":"https:\/\/archive.sana.sy\/es\/index.php?rest_route=\/wp\/v2\/media\/203708"}],"wp:attachment":[{"href":"https:\/\/archive.sana.sy\/es\/index.php?rest_route=%2Fwp%2Fv2%2Fmedia&parent=203707"}],"wp:term":[{"taxonomy":"category","embeddable":true,"href":"https:\/\/archive.sana.sy\/es\/index.php?rest_route=%2Fwp%2Fv2%2Fcategories&post=203707"},{"taxonomy":"post_tag","embeddable":true,"href":"https:\/\/archive.sana.sy\/es\/index.php?rest_route=%2Fwp%2Fv2%2Ftags&post=203707"}],"curies":[{"name":"wp","href":"https:\/\/api.w.org\/{rel}","templated":true}]}}