{"id":203736,"date":"2021-11-02T12:57:55","date_gmt":"2021-11-02T10:57:55","guid":{"rendered":"http:\/\/107.6.182.27\/es\/?p=203736"},"modified":"2023-01-09T14:04:56","modified_gmt":"2023-01-09T12:04:56","slug":"pobladores-en-tel-rifaat-alepo-protestan-contra-el-ocupante-turco","status":"publish","type":"post","link":"https:\/\/archive.sana.sy\/es\/?p=203736","title":{"rendered":"Pobladores de Tel Rifaat\/Alepo protestan contra el ocupante turco"},"content":{"rendered":"<p style=\"text-align: justify\"><span style=\"color: #800000\"><strong>Alepo, 02 nov (SANA) <\/strong><\/span>Los pobladores de la localidad de Tel Rifaat ubicada en el norte de la provincia de Alepo reiteraron su rechazo de las pr\u00e1cticas agresivas de la ocupaci\u00f3n turco y sus mercenarios .<\/p>\n<p style=\"text-align: justify\">Miles de residentes de esa localidad se congregaron esta tarde para protestar contra los cr\u00edmenes de las fuerzas de la ocupaci\u00f3n turca y sus mercenarios terroristas.<\/p>\n<p style=\"text-align: justify\">Los congregados exigieron a las fuerzas ocupantes turcas salir de inmediato de Siria, y manifestaron su apoyo al ej\u00e9rcito sirio frente a las agresiones exteriores.<\/p>\n<p style=\"text-align: justify\">Asimismo, abogaron por la integridad territorial de Siria, expresando su rotundo repudio a todos los intentos de los conspiradores para desagregar a su patria.<\/p>\n<p style=\"text-align: justify\">Durante los \u00faltimos d\u00edas, los lugare\u00f1os de varias localidades del campo norte de Alepo han realizado varias manifestaciones en contra de la ocupaci\u00f3n turca y sus acciones inhumanas.<\/p>\n<p style=\"text-align: justify\">fm\/la<\/p>\n<div id='gallery-1' class='gallery galleryid-203736 gallery-columns-1 gallery-size-full'><figure class='gallery-item'>\n\t\t\t<div class='gallery-icon landscape'>\n\t\t\t\t<a href='https:\/\/archive.sana.sy\/es\/?attachment_id=203738'><img loading=\"lazy\" decoding=\"async\" width=\"2560\" height=\"1578\" src=\"https:\/\/archive.sana.sy\/es\/wp-content\/uploads\/2021\/11\/photo_2021-11-02_12-21-27-scaled.jpg\" class=\"attachment-full size-full\" alt=\"\" srcset=\"https:\/\/archive.sana.sy\/es\/wp-content\/uploads\/2021\/11\/photo_2021-11-02_12-21-27-scaled.jpg 2560w, https:\/\/archive.sana.sy\/es\/wp-content\/uploads\/2021\/11\/photo_2021-11-02_12-21-27-300x185.jpg 300w, https:\/\/archive.sana.sy\/es\/wp-content\/uploads\/2021\/11\/photo_2021-11-02_12-21-27-1024x631.jpg 1024w, https:\/\/archive.sana.sy\/es\/wp-content\/uploads\/2021\/11\/photo_2021-11-02_12-21-27-150x92.jpg 150w, https:\/\/archive.sana.sy\/es\/wp-content\/uploads\/2021\/11\/photo_2021-11-02_12-21-27-768x473.jpg 768w, https:\/\/archive.sana.sy\/es\/wp-content\/uploads\/2021\/11\/photo_2021-11-02_12-21-27-1536x947.jpg 1536w, https:\/\/archive.sana.sy\/es\/wp-content\/uploads\/2021\/11\/photo_2021-11-02_12-21-27-2048x1262.jpg 2048w\" sizes=\"(max-width: 2560px) 100vw, 2560px\" \/><\/a>\n\t\t\t<\/div><\/figure><figure class='gallery-item'>\n\t\t\t<div class='gallery-icon landscape'>\n\t\t\t\t<a href='https:\/\/archive.sana.sy\/es\/?attachment_id=203739'><img loading=\"lazy\" decoding=\"async\" width=\"2560\" height=\"1419\" src=\"https:\/\/archive.sana.sy\/es\/wp-content\/uploads\/2021\/11\/photo_2021-11-02_12-21-46-scaled.jpg\" class=\"attachment-full size-full\" alt=\"\" srcset=\"https:\/\/archive.sana.sy\/es\/wp-content\/uploads\/2021\/11\/photo_2021-11-02_12-21-46-scaled.jpg 2560w, https:\/\/archive.sana.sy\/es\/wp-content\/uploads\/2021\/11\/photo_2021-11-02_12-21-46-300x166.jpg 300w, https:\/\/archive.sana.sy\/es\/wp-content\/uploads\/2021\/11\/photo_2021-11-02_12-21-46-1024x568.jpg 1024w, https:\/\/archive.sana.sy\/es\/wp-content\/uploads\/2021\/11\/photo_2021-11-02_12-21-46-150x83.jpg 150w, https:\/\/archive.sana.sy\/es\/wp-content\/uploads\/2021\/11\/photo_2021-11-02_12-21-46-768x426.jpg 768w, https:\/\/archive.sana.sy\/es\/wp-content\/uploads\/2021\/11\/photo_2021-11-02_12-21-46-1536x851.jpg 1536w, https:\/\/archive.sana.sy\/es\/wp-content\/uploads\/2021\/11\/photo_2021-11-02_12-21-46-2048x1135.jpg 2048w\" sizes=\"(max-width: 2560px) 100vw, 2560px\" \/><\/a>\n\t\t\t<\/div><\/figure><figure class='gallery-item'>\n\t\t\t<div class='gallery-icon landscape'>\n\t\t\t\t<a href='https:\/\/archive.sana.sy\/es\/?attachment_id=203740'><img loading=\"lazy\" decoding=\"async\" width=\"2560\" height=\"1335\" src=\"https:\/\/archive.sana.sy\/es\/wp-content\/uploads\/2021\/11\/photo_2021-11-02_12-22-36-scaled.jpg\" class=\"attachment-full size-full\" alt=\"\" srcset=\"https:\/\/archive.sana.sy\/es\/wp-content\/uploads\/2021\/11\/photo_2021-11-02_12-22-36-scaled.jpg 2560w, https:\/\/archive.sana.sy\/es\/wp-content\/uploads\/2021\/11\/photo_2021-11-02_12-22-36-300x156.jpg 300w, https:\/\/archive.sana.sy\/es\/wp-content\/uploads\/2021\/11\/photo_2021-11-02_12-22-36-1024x534.jpg 1024w, https:\/\/archive.sana.sy\/es\/wp-content\/uploads\/2021\/11\/photo_2021-11-02_12-22-36-150x78.jpg 150w, https:\/\/archive.sana.sy\/es\/wp-content\/uploads\/2021\/11\/photo_2021-11-02_12-22-36-768x400.jpg 768w, https:\/\/archive.sana.sy\/es\/wp-content\/uploads\/2021\/11\/photo_2021-11-02_12-22-36-1536x801.jpg 1536w, https:\/\/archive.sana.sy\/es\/wp-content\/uploads\/2021\/11\/photo_2021-11-02_12-22-36-2048x1068.jpg 2048w\" sizes=\"(max-width: 2560px) 100vw, 2560px\" \/><\/a>\n\t\t\t<\/div><\/figure><figure class='gallery-item'>\n\t\t\t<div class='gallery-icon landscape'>\n\t\t\t\t<a href='https:\/\/archive.sana.sy\/es\/?attachment_id=203741'><img loading=\"lazy\" decoding=\"async\" width=\"2560\" height=\"1330\" src=\"https:\/\/archive.sana.sy\/es\/wp-content\/uploads\/2021\/11\/photo_2021-11-02_12-29-43-scaled.jpg\" class=\"attachment-full size-full\" alt=\"\" srcset=\"https:\/\/archive.sana.sy\/es\/wp-content\/uploads\/2021\/11\/photo_2021-11-02_12-29-43-scaled.jpg 2560w, https:\/\/archive.sana.sy\/es\/wp-content\/uploads\/2021\/11\/photo_2021-11-02_12-29-43-300x156.jpg 300w, https:\/\/archive.sana.sy\/es\/wp-content\/uploads\/2021\/11\/photo_2021-11-02_12-29-43-1024x532.jpg 1024w, https:\/\/archive.sana.sy\/es\/wp-content\/uploads\/2021\/11\/photo_2021-11-02_12-29-43-150x78.jpg 150w, https:\/\/archive.sana.sy\/es\/wp-content\/uploads\/2021\/11\/photo_2021-11-02_12-29-43-768x399.jpg 768w, https:\/\/archive.sana.sy\/es\/wp-content\/uploads\/2021\/11\/photo_2021-11-02_12-29-43-1536x798.jpg 1536w, https:\/\/archive.sana.sy\/es\/wp-content\/uploads\/2021\/11\/photo_2021-11-02_12-29-43-2048x1064.jpg 2048w\" sizes=\"(max-width: 2560px) 100vw, 2560px\" \/><\/a>\n\t\t\t<\/div><\/figure><figure class='gallery-item'>\n\t\t\t<div class='gallery-icon landscape'>\n\t\t\t\t<a href='https:\/\/archive.sana.sy\/es\/?attachment_id=203742'><img loading=\"lazy\" decoding=\"async\" width=\"2560\" height=\"1404\" src=\"https:\/\/archive.sana.sy\/es\/wp-content\/uploads\/2021\/11\/photo_2021-11-02_12-33-38-scaled.jpg\" class=\"attachment-full size-full\" alt=\"\" srcset=\"https:\/\/archive.sana.sy\/es\/wp-content\/uploads\/2021\/11\/photo_2021-11-02_12-33-38-scaled.jpg 2560w, https:\/\/archive.sana.sy\/es\/wp-content\/uploads\/2021\/11\/photo_2021-11-02_12-33-38-300x165.jpg 300w, https:\/\/archive.sana.sy\/es\/wp-content\/uploads\/2021\/11\/photo_2021-11-02_12-33-38-1024x562.jpg 1024w, https:\/\/archive.sana.sy\/es\/wp-content\/uploads\/2021\/11\/photo_2021-11-02_12-33-38-150x82.jpg 150w, https:\/\/archive.sana.sy\/es\/wp-content\/uploads\/2021\/11\/photo_2021-11-02_12-33-38-768x421.jpg 768w, https:\/\/archive.sana.sy\/es\/wp-content\/uploads\/2021\/11\/photo_2021-11-02_12-33-38-1536x842.jpg 1536w, https:\/\/archive.sana.sy\/es\/wp-content\/uploads\/2021\/11\/photo_2021-11-02_12-33-38-2048x1123.jpg 2048w\" sizes=\"(max-width: 2560px) 100vw, 2560px\" \/><\/a>\n\t\t\t<\/div><\/figure>\n\t\t<\/div>\n\n<p style=\"text-align: justify\"><span style=\"color: #0000ff\"><strong>ws\/fm<\/strong><\/span><\/p>\n","protected":false},"excerpt":{"rendered":"<p>Alepo, 02 nov (SANA) Los pobladores de la localidad de Tel Rifaat ubicada en el norte de la provincia de Alepo reiteraron su rechazo de las pr\u00e1cticas agresivas de la ocupaci\u00f3n turco y sus mercenarios . Miles de residentes de esa localidad se congregaron esta tarde para protestar contra los cr\u00edmenes de las fuerzas de &hellip;<\/p>\n","protected":false},"author":35,"featured_media":203737,"comment_status":"closed","ping_status":"closed","sticky":false,"template":"","format":"standard","meta":{"footnotes":""},"categories":[477,447,597,573,476,583],"tags":[2626,20080,1347,20079],"class_list":["post-203736","post","type-post","status-publish","format-standard","has-post-thumbnail","","category-noticias-edulcorantes","category-local-politica","category-cinta-de-noticias","category-la-realidad-de-los-acontecimientos-en-siria","category-locales","category-slide","tag-alepo","tag-ocupacion-turco","tag-sana","tag-tel-rifaat"],"_links":{"self":[{"href":"https:\/\/archive.sana.sy\/es\/index.php?rest_route=\/wp\/v2\/posts\/203736"}],"collection":[{"href":"https:\/\/archive.sana.sy\/es\/index.php?rest_route=\/wp\/v2\/posts"}],"about":[{"href":"https:\/\/archive.sana.sy\/es\/index.php?rest_route=\/wp\/v2\/types\/post"}],"author":[{"embeddable":true,"href":"https:\/\/archive.sana.sy\/es\/index.php?rest_route=\/wp\/v2\/users\/35"}],"replies":[{"embeddable":true,"href":"https:\/\/archive.sana.sy\/es\/index.php?rest_route=%2Fwp%2Fv2%2Fcomments&post=203736"}],"version-history":[{"count":0,"href":"https:\/\/archive.sana.sy\/es\/index.php?rest_route=\/wp\/v2\/posts\/203736\/revisions"}],"wp:featuredmedia":[{"embeddable":true,"href":"https:\/\/archive.sana.sy\/es\/index.php?rest_route=\/wp\/v2\/media\/203737"}],"wp:attachment":[{"href":"https:\/\/archive.sana.sy\/es\/index.php?rest_route=%2Fwp%2Fv2%2Fmedia&parent=203736"}],"wp:term":[{"taxonomy":"category","embeddable":true,"href":"https:\/\/archive.sana.sy\/es\/index.php?rest_route=%2Fwp%2Fv2%2Fcategories&post=203736"},{"taxonomy":"post_tag","embeddable":true,"href":"https:\/\/archive.sana.sy\/es\/index.php?rest_route=%2Fwp%2Fv2%2Ftags&post=203736"}],"curies":[{"name":"wp","href":"https:\/\/api.w.org\/{rel}","templated":true}]}}