{"id":203766,"date":"2021-11-02T18:06:05","date_gmt":"2021-11-02T16:06:05","guid":{"rendered":"http:\/\/107.6.182.27\/es\/?p=203766"},"modified":"2023-01-10T14:24:40","modified_gmt":"2023-01-10T12:24:40","slug":"canciller-al-mekdad-recibe-credenciales-del-encargado-de-negocios-de-la-republica-federal-de-nigeria","status":"publish","type":"post","link":"https:\/\/archive.sana.sy\/es\/?p=203766","title":{"rendered":"Canciller al-Mekdad recibe credenciales del Encargado de Negocios de la Rep\u00fablica Federal de Nigeria"},"content":{"rendered":"<p style=\"text-align: justify\"><span style=\"color: #800000\"><strong>Damasco, 02 nov (SANA)<\/strong><\/span> El Ministro de Relaciones Exteriores y Expatriados, Faisal al-Mekdad, recibi\u00f3 hoy las credenciales del Encargado de Negocios de la Rep\u00fablica Federal de Nigeria en Siria, Ibrahim Yunusa Muhammad.<\/p>\n<p><a href=\"http:\/\/107.6.182.27\/es\/wp-content\/uploads\/2021\/11\/al-Mekdad-Nigeria.jpg\"><img loading=\"lazy\" decoding=\"async\" class=\"size-medium wp-image-203769 alignleft\" src=\"http:\/\/107.6.182.27\/es\/wp-content\/uploads\/2021\/11\/al-Mekdad-Nigeria-300x200.jpg\" alt=\"\" width=\"300\" height=\"200\" srcset=\"https:\/\/archive.sana.sy\/es\/wp-content\/uploads\/2021\/11\/al-Mekdad-Nigeria-300x200.jpg 300w, https:\/\/archive.sana.sy\/es\/wp-content\/uploads\/2021\/11\/al-Mekdad-Nigeria-150x100.jpg 150w, https:\/\/archive.sana.sy\/es\/wp-content\/uploads\/2021\/11\/al-Mekdad-Nigeria.jpg 660w\" sizes=\"(max-width: 300px) 100vw, 300px\" \/><\/a><\/p>\n<p style=\"text-align: justify\">El Canciller sirio dio la bienvenida al alto diplom\u00e1tico, dese\u00e1ndole \u00e9xito en el desempe\u00f1o de sus funciones futuras.<\/p>\n<p style=\"text-align: justify\">Al-Mekdad destac\u00f3 la disposici\u00f3n de su ministerio para proporcionar el apoyo necesario al Encargado de Negocios para facilitar su trabajo en Siria y su misi\u00f3n de consolidar las relaciones binacionales en todos los \u00e1mbitos.<\/p>\n<p style=\"text-align: justify\">En la reuni\u00f3n, ambas partes abordaron las posturas unificadas de sus pa\u00edses respecto a la guerra contra el terrorismo, el flagelo que representa una amenaza para la seguridad y la estabilidad de Oriente Medio y \u00c1frica.<\/p>\n<p style=\"text-align: justify\">Por su parte, Yunusa Muhammad destac\u00f3 las buenas relaciones con Siria, y se comprometi\u00f3 con trabajar en materia de impulsar la cooperaci\u00f3n y coordinaci\u00f3n bilateral.<\/p>\n<p style=\"text-align: justify\">la<\/p>\n","protected":false},"excerpt":{"rendered":"<p>Damasco, 02 nov (SANA) El Ministro de Relaciones Exteriores y Expatriados, Faisal al-Mekdad, recibi\u00f3 hoy las credenciales del Encargado de Negocios de la Rep\u00fablica Federal de Nigeria en Siria, Ibrahim Yunusa Muhammad. El Canciller sirio dio la bienvenida al alto diplom\u00e1tico, dese\u00e1ndole \u00e9xito en el desempe\u00f1o de sus funciones futuras. Al-Mekdad destac\u00f3 la disposici\u00f3n de &hellip;<\/p>\n","protected":false},"author":24,"featured_media":203767,"comment_status":"closed","ping_status":"closed","sticky":false,"template":"","format":"standard","meta":{"footnotes":""},"categories":[447,597,476,7541],"tags":[],"class_list":["post-203766","post","type-post","status-publish","format-standard","has-post-thumbnail","","category-local-politica","category-cinta-de-noticias","category-locales","category-ultimas-noticias"],"_links":{"self":[{"href":"https:\/\/archive.sana.sy\/es\/index.php?rest_route=\/wp\/v2\/posts\/203766"}],"collection":[{"href":"https:\/\/archive.sana.sy\/es\/index.php?rest_route=\/wp\/v2\/posts"}],"about":[{"href":"https:\/\/archive.sana.sy\/es\/index.php?rest_route=\/wp\/v2\/types\/post"}],"author":[{"embeddable":true,"href":"https:\/\/archive.sana.sy\/es\/index.php?rest_route=\/wp\/v2\/users\/24"}],"replies":[{"embeddable":true,"href":"https:\/\/archive.sana.sy\/es\/index.php?rest_route=%2Fwp%2Fv2%2Fcomments&post=203766"}],"version-history":[{"count":0,"href":"https:\/\/archive.sana.sy\/es\/index.php?rest_route=\/wp\/v2\/posts\/203766\/revisions"}],"wp:featuredmedia":[{"embeddable":true,"href":"https:\/\/archive.sana.sy\/es\/index.php?rest_route=\/wp\/v2\/media\/203767"}],"wp:attachment":[{"href":"https:\/\/archive.sana.sy\/es\/index.php?rest_route=%2Fwp%2Fv2%2Fmedia&parent=203766"}],"wp:term":[{"taxonomy":"category","embeddable":true,"href":"https:\/\/archive.sana.sy\/es\/index.php?rest_route=%2Fwp%2Fv2%2Fcategories&post=203766"},{"taxonomy":"post_tag","embeddable":true,"href":"https:\/\/archive.sana.sy\/es\/index.php?rest_route=%2Fwp%2Fv2%2Ftags&post=203766"}],"curies":[{"name":"wp","href":"https:\/\/api.w.org\/{rel}","templated":true}]}}