{"id":203772,"date":"2021-11-02T18:50:21","date_gmt":"2021-11-02T16:50:21","guid":{"rendered":"http:\/\/107.6.182.27\/es\/?p=203772"},"modified":"2023-01-10T14:24:40","modified_gmt":"2023-01-10T12:24:40","slug":"parlamento-reitera-apoyo-de-siria-a-los-derechos-inalienables-del-pueblo-palestino","status":"publish","type":"post","link":"https:\/\/archive.sana.sy\/es\/?p=203772","title":{"rendered":"Parlamento sirio reitera apoyo a derechos inalienables del pueblo palestino"},"content":{"rendered":"<p style=\"text-align: justify;\"><span style=\"color: #800000;\"><strong>Damasco, 02 nov (SANA)\u00a0 \u00a0<\/strong><\/span>El presidente del Parlamento sirio, Hammudah Sabbagh, destac\u00f3 que la nefasta Declaraci\u00f3n de Balfour provoc\u00f3 un sufrimiento humano a gran escala para el pueblo palestino, y la misma tuvo repercusiones en la regi\u00f3n \u00e1rabe en general, y Siria en particular.<\/p>\n<p style=\"text-align: justify;\">Aclar\u00f3 que la guerra terrorista y econ\u00f3mica que azot\u00f3 todos los sectores de Siria es resultado de sus firmes y principistas posturas en apoyo a todas las causas \u00e1rabes justas, principalmente la causa palestina.<\/p>\n<p style=\"text-align: justify;\">Asever\u00f3 que Siria apoyada por su ej\u00e9rcito y pueblo, continuar\u00e1 este camino hasta lograr la victoria definitiva.<\/p>\n<p style=\"text-align: justify;\">Sabbagh hizo estas declaraciones con motivo del 104 aniversario de la siniestra Promesa de Balfour.<\/p>\n<p style=\"text-align: justify;\">En sus intervenciones, los diputados reiteraron el rechazo de Siria a todos los tipos de ocupaci\u00f3n y su apoyo incondicional a los derechos inalienables del pueblo palestino.<\/p>\n<p style=\"text-align: justify;\">la\/fm<\/p>\n","protected":false},"excerpt":{"rendered":"<p>Damasco, 02 nov (SANA)\u00a0 \u00a0El presidente del Parlamento sirio, Hammudah Sabbagh, destac\u00f3 que la nefasta Declaraci\u00f3n de Balfour provoc\u00f3 un sufrimiento humano a gran escala para el pueblo palestino, y la misma tuvo repercusiones en la regi\u00f3n \u00e1rabe en general, y Siria en particular. Aclar\u00f3 que la guerra terrorista y econ\u00f3mica que azot\u00f3 todos los &hellip;<\/p>\n","protected":false},"author":24,"featured_media":203773,"comment_status":"closed","ping_status":"closed","sticky":false,"template":"","format":"standard","meta":{"footnotes":""},"categories":[447,477,597,476,457,583],"tags":[],"class_list":["post-203772","post","type-post","status-publish","format-standard","has-post-thumbnail","","category-local-politica","category-noticias-edulcorantes","category-cinta-de-noticias","category-locales","category-noticias-arabe-internacional-politica","category-slide"],"_links":{"self":[{"href":"https:\/\/archive.sana.sy\/es\/index.php?rest_route=\/wp\/v2\/posts\/203772"}],"collection":[{"href":"https:\/\/archive.sana.sy\/es\/index.php?rest_route=\/wp\/v2\/posts"}],"about":[{"href":"https:\/\/archive.sana.sy\/es\/index.php?rest_route=\/wp\/v2\/types\/post"}],"author":[{"embeddable":true,"href":"https:\/\/archive.sana.sy\/es\/index.php?rest_route=\/wp\/v2\/users\/24"}],"replies":[{"embeddable":true,"href":"https:\/\/archive.sana.sy\/es\/index.php?rest_route=%2Fwp%2Fv2%2Fcomments&post=203772"}],"version-history":[{"count":0,"href":"https:\/\/archive.sana.sy\/es\/index.php?rest_route=\/wp\/v2\/posts\/203772\/revisions"}],"wp:featuredmedia":[{"embeddable":true,"href":"https:\/\/archive.sana.sy\/es\/index.php?rest_route=\/wp\/v2\/media\/203773"}],"wp:attachment":[{"href":"https:\/\/archive.sana.sy\/es\/index.php?rest_route=%2Fwp%2Fv2%2Fmedia&parent=203772"}],"wp:term":[{"taxonomy":"category","embeddable":true,"href":"https:\/\/archive.sana.sy\/es\/index.php?rest_route=%2Fwp%2Fv2%2Fcategories&post=203772"},{"taxonomy":"post_tag","embeddable":true,"href":"https:\/\/archive.sana.sy\/es\/index.php?rest_route=%2Fwp%2Fv2%2Ftags&post=203772"}],"curies":[{"name":"wp","href":"https:\/\/api.w.org\/{rel}","templated":true}]}}