{"id":203775,"date":"2021-11-02T19:35:04","date_gmt":"2021-11-02T17:35:04","guid":{"rendered":"http:\/\/107.6.182.27\/es\/?p=203775"},"modified":"2023-01-12T14:39:56","modified_gmt":"2023-01-12T12:39:56","slug":"libano-trabaja-a-todos-los-niveles-para-resolver-discordia-con-los-paises-del-golfo","status":"publish","type":"post","link":"https:\/\/archive.sana.sy\/es\/?p=203775","title":{"rendered":"L\u00edbano trabaja a todos los niveles para resolver discordia con los pa\u00edses del Golfo"},"content":{"rendered":"<p style=\"text-align: justify\"><span style=\"color: #800000\"><strong>Beirut, 02 nov (SANA)<\/strong><\/span> El presidente liban\u00e9s, Michel Aoun, consider\u00f3 que las medidas tomadas por algunos pa\u00edses del Golfo contra el L\u00edbano tienen repercusiones negativas en su econom\u00eda.<\/p>\n<p style=\"text-align: justify\">Al reunirse con la jefa de la delegaci\u00f3n del Parlamento Europeo para Relaciones con los pa\u00edses de Oriente Medio, Isabel Santos, el mandatario liban\u00e9s destac\u00f3 que se trabaja actualmente y todos los niveles para resolver la discordia que surgi\u00f3 con Arabia Saudita y otros pa\u00edses del Golfo, \u201cen la esperanza de llegar a soluciones adecuadas\u201d.<\/p>\n<p style=\"text-align: justify\">Agreg\u00f3 que la crisis que se enfrent\u00f3 el L\u00edbano han tenido repercusiones negativas en su econom\u00eda y la capacidad del Estado para cumplir con sus obligaciones.<\/p>\n<p style=\"text-align: justify\">Es de destacar que el r\u00e9gimen saud\u00ed decidi\u00f3 el viernes pasado llamar a consultas a su embajador en el L\u00edbano y pidi\u00f3 al embajador liban\u00e9s en Riad que saliera del reino tras un conflicto que surgi\u00f3 por declaraciones que hab\u00eda hecho el ministro de Informaci\u00f3n liban\u00e9s, George Krdahi antes de que asumiera la cartera, en las cuales critic\u00f3 las agresiones saud\u00edes contra el pueblo yemen\u00ed.<\/p>\n<p style=\"text-align: justify\">\n<p style=\"text-align: justify\">la<\/p>\n","protected":false},"excerpt":{"rendered":"<p>Beirut, 02 nov (SANA) El presidente liban\u00e9s, Michel Aoun, consider\u00f3 que las medidas tomadas por algunos pa\u00edses del Golfo contra el L\u00edbano tienen repercusiones negativas en su econom\u00eda. Al reunirse con la jefa de la delegaci\u00f3n del Parlamento Europeo para Relaciones con los pa\u00edses de Oriente Medio, Isabel Santos, el mandatario liban\u00e9s destac\u00f3 que se &hellip;<\/p>\n","protected":false},"author":24,"featured_media":203776,"comment_status":"closed","ping_status":"closed","sticky":false,"template":"","format":"standard","meta":{"footnotes":""},"categories":[447,597,456],"tags":[],"class_list":["post-203775","post","type-post","status-publish","format-standard","has-post-thumbnail","","category-local-politica","category-cinta-de-noticias","category-arabe-internacional-politica"],"_links":{"self":[{"href":"https:\/\/archive.sana.sy\/es\/index.php?rest_route=\/wp\/v2\/posts\/203775"}],"collection":[{"href":"https:\/\/archive.sana.sy\/es\/index.php?rest_route=\/wp\/v2\/posts"}],"about":[{"href":"https:\/\/archive.sana.sy\/es\/index.php?rest_route=\/wp\/v2\/types\/post"}],"author":[{"embeddable":true,"href":"https:\/\/archive.sana.sy\/es\/index.php?rest_route=\/wp\/v2\/users\/24"}],"replies":[{"embeddable":true,"href":"https:\/\/archive.sana.sy\/es\/index.php?rest_route=%2Fwp%2Fv2%2Fcomments&post=203775"}],"version-history":[{"count":0,"href":"https:\/\/archive.sana.sy\/es\/index.php?rest_route=\/wp\/v2\/posts\/203775\/revisions"}],"wp:featuredmedia":[{"embeddable":true,"href":"https:\/\/archive.sana.sy\/es\/index.php?rest_route=\/wp\/v2\/media\/203776"}],"wp:attachment":[{"href":"https:\/\/archive.sana.sy\/es\/index.php?rest_route=%2Fwp%2Fv2%2Fmedia&parent=203775"}],"wp:term":[{"taxonomy":"category","embeddable":true,"href":"https:\/\/archive.sana.sy\/es\/index.php?rest_route=%2Fwp%2Fv2%2Fcategories&post=203775"},{"taxonomy":"post_tag","embeddable":true,"href":"https:\/\/archive.sana.sy\/es\/index.php?rest_route=%2Fwp%2Fv2%2Ftags&post=203775"}],"curies":[{"name":"wp","href":"https:\/\/api.w.org\/{rel}","templated":true}]}}