{"id":203781,"date":"2021-11-02T20:20:42","date_gmt":"2021-11-02T18:20:42","guid":{"rendered":"http:\/\/107.6.182.27\/es\/?p=203781"},"modified":"2023-01-10T14:24:39","modified_gmt":"2023-01-10T12:24:39","slug":"fuerzas-ocupantes-turcas-bombardean-aldea-de-al-dardara-en-el-noroeste-de-hasakeh","status":"publish","type":"post","link":"https:\/\/archive.sana.sy\/es\/?p=203781","title":{"rendered":"Fuerzas ocupantes turcas bombardean aldea de al-Dardara en el noroeste de Hasakeh"},"content":{"rendered":"<p style=\"text-align: justify\"><span style=\"color: #800000\"><strong>Hasakeh, 02 nov (SANA)<\/strong><\/span> Las fuerzas ocupantes del r\u00e9gimen turco atacaron con artiller\u00eda pesada la aldea de al-Dardara en el noroeste de la provincia nororiental de Hasakeh.<\/p>\n<p style=\"text-align: justify\">Activistas locales informaron al reportero de SANA que \u201clas fuerzas de ocupaci\u00f3n turcas, en cooperaci\u00f3n con los grupos terroristas que mantienen posiciones en el campo norte de Hasakeh, atacaron la aldea de al-Dardara, ubicada al norte de la localidad de Tal Tamr, lo que provoc\u00f3 da\u00f1os materiales en las viviendas de los civiles\u201d.<\/p>\n<p style=\"text-align: justify\">Las fuentes resaltaron que la tr\u00e1gica e inhumana situaci\u00f3n que vive por la poblaci\u00f3n de la referida aldea, especialmente los ni\u00f1os y las mujeres, debido a los continuos bombardeos que lanzan las fuerzas turcas y sus mercenarios.<\/p>\n<p style=\"text-align: justify\">\nla<\/p>\n","protected":false},"excerpt":{"rendered":"<p>Hasakeh, 02 nov (SANA) Las fuerzas ocupantes del r\u00e9gimen turco atacaron con artiller\u00eda pesada la aldea de al-Dardara en el noroeste de la provincia nororiental de Hasakeh. Activistas locales informaron al reportero de SANA que \u201clas fuerzas de ocupaci\u00f3n turcas, en cooperaci\u00f3n con los grupos terroristas que mantienen posiciones en el campo norte de Hasakeh, &hellip;<\/p>\n","protected":false},"author":24,"featured_media":200713,"comment_status":"closed","ping_status":"closed","sticky":false,"template":"","format":"standard","meta":{"footnotes":""},"categories":[447,597,573,7541],"tags":[],"class_list":["post-203781","post","type-post","status-publish","format-standard","has-post-thumbnail","","category-local-politica","category-cinta-de-noticias","category-la-realidad-de-los-acontecimientos-en-siria","category-ultimas-noticias"],"_links":{"self":[{"href":"https:\/\/archive.sana.sy\/es\/index.php?rest_route=\/wp\/v2\/posts\/203781"}],"collection":[{"href":"https:\/\/archive.sana.sy\/es\/index.php?rest_route=\/wp\/v2\/posts"}],"about":[{"href":"https:\/\/archive.sana.sy\/es\/index.php?rest_route=\/wp\/v2\/types\/post"}],"author":[{"embeddable":true,"href":"https:\/\/archive.sana.sy\/es\/index.php?rest_route=\/wp\/v2\/users\/24"}],"replies":[{"embeddable":true,"href":"https:\/\/archive.sana.sy\/es\/index.php?rest_route=%2Fwp%2Fv2%2Fcomments&post=203781"}],"version-history":[{"count":0,"href":"https:\/\/archive.sana.sy\/es\/index.php?rest_route=\/wp\/v2\/posts\/203781\/revisions"}],"wp:featuredmedia":[{"embeddable":true,"href":"https:\/\/archive.sana.sy\/es\/index.php?rest_route=\/wp\/v2\/media\/200713"}],"wp:attachment":[{"href":"https:\/\/archive.sana.sy\/es\/index.php?rest_route=%2Fwp%2Fv2%2Fmedia&parent=203781"}],"wp:term":[{"taxonomy":"category","embeddable":true,"href":"https:\/\/archive.sana.sy\/es\/index.php?rest_route=%2Fwp%2Fv2%2Fcategories&post=203781"},{"taxonomy":"post_tag","embeddable":true,"href":"https:\/\/archive.sana.sy\/es\/index.php?rest_route=%2Fwp%2Fv2%2Ftags&post=203781"}],"curies":[{"name":"wp","href":"https:\/\/api.w.org\/{rel}","templated":true}]}}