{"id":203783,"date":"2021-11-02T20:48:29","date_gmt":"2021-11-02T18:48:29","guid":{"rendered":"http:\/\/107.6.182.27\/es\/?p=203783"},"modified":"2023-01-12T14:39:56","modified_gmt":"2023-01-12T12:39:56","slug":"canciller-libanes-no-tenemos-intencion-de-pedir-disculpas-a-arabia-saudita","status":"publish","type":"post","link":"https:\/\/archive.sana.sy\/es\/?p=203783","title":{"rendered":"Canciller liban\u00e9s: no tenemos intenci\u00f3n de pedir disculpas a Arabia Saudita"},"content":{"rendered":"<p style=\"text-align: justify;\"><strong><span style=\"color: #800000;\">Beirut, 2 nov (SANA)<\/span><\/strong> El ministro liban\u00e9s de Asuntos Exteriores y Emigrantes, Abdullah Bou Habib, confirm\u00f3 que la disculpa del gobierno liban\u00e9s al r\u00e9gimen saud\u00ed en el contexto de la crisis actual est\u00e1 fuera de discusi\u00f3n, explicando que el L\u00edbano prefiere el di\u00e1logo a recibir dictados.<\/p>\n<p style=\"text-align: justify;\">&#8220;Queremos relaciones excelentes con Arabia Saudita y preferimos el di\u00e1logo al dictado&#8221;, dijo hoy Bou Habib en declaraciones hechas a Reuters, y agreg\u00f3 que &#8220;la disculpa del gobierno liban\u00e9s est\u00e1 fuera de discusi\u00f3n porque no cometi\u00f3 ning\u00fan error, y lo que el ministro de Informaci\u00f3n George Kordahi dijo sobre la guerra en Yemen fue antes de su nombramiento como ministro&#8221;.<\/p>\n<p style=\"text-align: justify;\">Bou Habib se\u00f1al\u00f3 que &#8220;no ha habido comunicaci\u00f3n entre Arabia Saudita y el actual gobierno liban\u00e9s encabezado por Najib Mikati desde su formaci\u00f3n&#8221;.<\/p>\n<p style=\"text-align: justify;\">Es de destacar que el r\u00e9gimen saud\u00ed decidi\u00f3 el viernes pasado llamar a consultas a en el L\u00edbano y le pidi\u00f3 al embajador liban\u00e9s en Riad que salga del territorio en 48 horas.<\/p>\n<p><em>mm<\/em><\/p>\n","protected":false},"excerpt":{"rendered":"<p>Beirut, 2 nov (SANA) El ministro liban\u00e9s de Asuntos Exteriores y Emigrantes, Abdullah Bou Habib, confirm\u00f3 que la disculpa del gobierno liban\u00e9s al r\u00e9gimen saud\u00ed en el contexto de la crisis actual est\u00e1 fuera de discusi\u00f3n, explicando que el L\u00edbano prefiere el di\u00e1logo a recibir dictados. &#8220;Queremos relaciones excelentes con Arabia Saudita y preferimos el &hellip;<\/p>\n","protected":false},"author":36,"featured_media":203784,"comment_status":"closed","ping_status":"closed","sticky":false,"template":"","format":"standard","meta":{"footnotes":""},"categories":[597,456,457],"tags":[8947,8542],"class_list":["post-203783","post","type-post","status-publish","format-standard","has-post-thumbnail","","category-cinta-de-noticias","category-arabe-internacional-politica","category-noticias-arabe-internacional-politica","tag-beirut","tag-libano"],"_links":{"self":[{"href":"https:\/\/archive.sana.sy\/es\/index.php?rest_route=\/wp\/v2\/posts\/203783"}],"collection":[{"href":"https:\/\/archive.sana.sy\/es\/index.php?rest_route=\/wp\/v2\/posts"}],"about":[{"href":"https:\/\/archive.sana.sy\/es\/index.php?rest_route=\/wp\/v2\/types\/post"}],"author":[{"embeddable":true,"href":"https:\/\/archive.sana.sy\/es\/index.php?rest_route=\/wp\/v2\/users\/36"}],"replies":[{"embeddable":true,"href":"https:\/\/archive.sana.sy\/es\/index.php?rest_route=%2Fwp%2Fv2%2Fcomments&post=203783"}],"version-history":[{"count":0,"href":"https:\/\/archive.sana.sy\/es\/index.php?rest_route=\/wp\/v2\/posts\/203783\/revisions"}],"wp:featuredmedia":[{"embeddable":true,"href":"https:\/\/archive.sana.sy\/es\/index.php?rest_route=\/wp\/v2\/media\/203784"}],"wp:attachment":[{"href":"https:\/\/archive.sana.sy\/es\/index.php?rest_route=%2Fwp%2Fv2%2Fmedia&parent=203783"}],"wp:term":[{"taxonomy":"category","embeddable":true,"href":"https:\/\/archive.sana.sy\/es\/index.php?rest_route=%2Fwp%2Fv2%2Fcategories&post=203783"},{"taxonomy":"post_tag","embeddable":true,"href":"https:\/\/archive.sana.sy\/es\/index.php?rest_route=%2Fwp%2Fv2%2Ftags&post=203783"}],"curies":[{"name":"wp","href":"https:\/\/api.w.org\/{rel}","templated":true}]}}