{"id":20381,"date":"2015-03-29T15:52:41","date_gmt":"2015-03-29T12:52:41","guid":{"rendered":"http:\/\/www.sana.sy\/es\/?p=20381"},"modified":"2015-03-29T16:26:57","modified_gmt":"2015-03-29T13:26:57","slug":"con-motivo-del-dia-del-territorio-el-partido-al-baath-asegura-que-la-causa-palestina-seguira-siendo-su-causa-principal","status":"publish","type":"post","link":"https:\/\/archive.sana.sy\/es\/?p=20381","title":{"rendered":"Con motivo del D\u00eda del Territorio, el partido al-Baath asegura que la causa palestina seguir\u00e1 siendo la causa principal de Siria"},"content":{"rendered":"<p><span style=\"color: #800000\">Damasco, SANA<\/span><\/p>\n<p>La Direcci\u00f3n Regional del Partido \u201cal-Baath\u201d \u00c1rabe Socialista ratific\u00f3 el aferramiento a la tierra, al derecho de retorno de los palestinos, a la resistencia y el rechazo a cualquier arreglo o negociaci\u00f3n impuestos por EEUU, tales como el intercambio de tierras y cualquier gesto que reconozca al ente sionista.<\/p>\n<p>En un comunicado emitido con motivo del 39\u00ba aniversario del D\u00eda del Territorio, la Direcci\u00f3n lament\u00f3 que esta efem\u00e9ride\u00a0 se conmemora este a\u00f1o en medio de un estado de desagregaci\u00f3n que vive la naci\u00f3n \u00e1rabe despu\u00e9s de que los pa\u00edses \u00e1rabes se han convertido en escenarios de actos de matanza y destrucci\u00f3n a manos del terrorismo que hab\u00eda sido creado para servir a los intereses del ente sionista y permitirles reprimir al pueblo palestino con un apoyo estadounidense y una dejadez por parte de los pa\u00edses \u00e1rabes.<\/p>\n<p>Asimismo dirigi\u00f3 un llamamiento a todos los palestinos para cerrar filas ante el enemigo sionista y sus pr\u00e1cticas barb\u00e1ricas.<\/p>\n<p>La Direcci\u00f3n recalc\u00f3 que Siria que est\u00e1 enfrentando una conspiraci\u00f3n sin precedentes cuyo objetivo es socavar su seguridad y debilitar su postura principista hacia la causa palestina, reitera su apoyo al pueblo palestino en su lucha por liberar su territorio, denunciando que algunos gobiernos \u00e1rabes no solamente abandonaron a este pueblo, sino tambi\u00e9n procedieron a brindar apoyo a los grupos terroristas para destruir a Siria.<\/p>\n<p>La Direcci\u00f3n concluy\u00f3 que la resistencia, cuya base es Siria, es la \u00fanica manera para frenar las atrocidades de \u201cIsrael\u201d y sus planes hostiles contra la regi\u00f3n.<\/p>\n<p>Es de se\u00f1alar que el D\u00eda del Territorio\u00a0 se conmemora el 30 de marzo de cada a\u00f1o por los palestinos, y es el d\u00eda en que en el a\u00f1o 1976 las masas \u00e1rabes en el interior palestino declararon una huelga general en protesta contra la confiscaci\u00f3n por\u00a0 la parte\u00a0 israel\u00ed de miles de hect\u00e1reas de tierras agr\u00edcolas de las zonas ocupadas en 1948,\u00a0 para ampliar sus colonias, en el marco de sus planes de judaizar la regi\u00f3n de Galilea.<\/p>\n<p>Lynn A., Riyad Sh.<\/p>\n","protected":false},"excerpt":{"rendered":"<p>Damasco, SANA La Direcci\u00f3n Regional del Partido \u201cal-Baath\u201d \u00c1rabe Socialista ratific\u00f3 el aferramiento a la tierra, al derecho de retorno de los palestinos, a la resistencia y el rechazo a cualquier arreglo o negociaci\u00f3n impuestos por EEUU, tales como el intercambio de tierras y cualquier gesto que reconozca al ente sionista. En un comunicado emitido &hellip;<\/p>\n","protected":false},"author":24,"featured_media":11843,"comment_status":"closed","ping_status":"closed","sticky":false,"template":"","format":"standard","meta":{"footnotes":""},"categories":[477,476,576],"tags":[4622,4626],"class_list":["post-20381","post","type-post","status-publish","format-standard","has-post-thumbnail","","category-noticias-edulcorantes","category-locales","category-noticias-politicas","tag-con-motivo-del-dia-del-territorio","tag-el-partido-al-baath-asegura-que-la-causa-palestina-seguira-siendo-la-causa-principal-de-siria"],"_links":{"self":[{"href":"https:\/\/archive.sana.sy\/es\/index.php?rest_route=\/wp\/v2\/posts\/20381"}],"collection":[{"href":"https:\/\/archive.sana.sy\/es\/index.php?rest_route=\/wp\/v2\/posts"}],"about":[{"href":"https:\/\/archive.sana.sy\/es\/index.php?rest_route=\/wp\/v2\/types\/post"}],"author":[{"embeddable":true,"href":"https:\/\/archive.sana.sy\/es\/index.php?rest_route=\/wp\/v2\/users\/24"}],"replies":[{"embeddable":true,"href":"https:\/\/archive.sana.sy\/es\/index.php?rest_route=%2Fwp%2Fv2%2Fcomments&post=20381"}],"version-history":[{"count":0,"href":"https:\/\/archive.sana.sy\/es\/index.php?rest_route=\/wp\/v2\/posts\/20381\/revisions"}],"wp:featuredmedia":[{"embeddable":true,"href":"https:\/\/archive.sana.sy\/es\/index.php?rest_route=\/wp\/v2\/media\/11843"}],"wp:attachment":[{"href":"https:\/\/archive.sana.sy\/es\/index.php?rest_route=%2Fwp%2Fv2%2Fmedia&parent=20381"}],"wp:term":[{"taxonomy":"category","embeddable":true,"href":"https:\/\/archive.sana.sy\/es\/index.php?rest_route=%2Fwp%2Fv2%2Fcategories&post=20381"},{"taxonomy":"post_tag","embeddable":true,"href":"https:\/\/archive.sana.sy\/es\/index.php?rest_route=%2Fwp%2Fv2%2Ftags&post=20381"}],"curies":[{"name":"wp","href":"https:\/\/api.w.org\/{rel}","templated":true}]}}