{"id":203822,"date":"2021-11-03T08:15:56","date_gmt":"2021-11-03T06:15:56","guid":{"rendered":"http:\/\/107.6.182.27\/es\/?p=203822"},"modified":"2023-01-10T15:33:07","modified_gmt":"2023-01-10T13:33:07","slug":"titulares-de-la-agencia-sana-03-de-noviembre-2021","status":"publish","type":"post","link":"https:\/\/archive.sana.sy\/es\/?p=203822","title":{"rendered":"Titulares de la agencia SANA 03 de noviembre 2021"},"content":{"rendered":"<p style=\"text-align: justify;\"><strong><span style=\"color: #800000;\">Damasco,03 nov (SANA)<\/span><\/strong><\/p>\n<p style=\"text-align: justify;\">????P\u00e9rdidas materiales en agresi\u00f3n a\u00e9rea israel\u00ed contra una posici\u00f3n al sur de Damasco.<\/p>\n<p style=\"text-align: justify;\">????Siria incauta armas y medicamentos israel\u00edes remanentes de terroristas en Quneitra.<\/p>\n<p style=\"text-align: justify;\">????Siria despide a la leyenda del Tarab, Sabah Fakhry.<\/p>\n<p style=\"text-align: justify;\">????Pobladores de Tel Rifaat\/Alepo protestan contra el ocupante turco.<\/p>\n<p style=\"text-align: justify;\">????Ocupaci\u00f3n turca arranca olivos y saquea cultivos de agricultores en norte de Alepo.<\/p>\n<p style=\"text-align: justify;\">????Canciller al-Mekdad recibe credenciales del Encargado de Negocios de la Rep\u00fablica Federal de Nigeria.<\/p>\n<p style=\"text-align: justify;\">????Fuerzas ocupantes turcas bombardean aldea de al-Dardara en el noroeste de Hasakeh.<\/p>\n<p style=\"text-align: justify;\">????Sweida .. jornada de actividades con motivo del D\u00eda Nacional del Medio Ambiente.<\/p>\n<p style=\"text-align: justify;\">????Parlamento de Siria reitera condena a pr\u00e1cticas criminales y agresivas de Turqu\u00eda.<\/p>\n<p style=\"text-align: justify;\">????Parlamento sirio reitera apoyo a derechos inalienables del pueblo palestino.<\/p>\n<p style=\"text-align: justify;\">????Gabinete reitera importancia de granizar oportunidades de trabajo a los militares desmovilizados.<\/p>\n<p style=\"text-align: justify;\">????La S.T. de la OPAQ pas\u00f3 por alto 200 notas envidas por Rusia sobre provocaciones qu\u00edmicas en Siria.<\/p>\n<p style=\"text-align: justify;\">????En fotos, distribuyen ayuda rusa para personas con discapacidad en el Instituto Al-Amal.<\/p>\n<p style=\"text-align: justify;\">????Deraa y Damasco encabezan las provincias con m\u00e1s nuevos contagios por Covid-19.<\/p>\n<p style=\"text-align: justify;\">????L\u00edbano trabaja a todos los niveles para resolver discordia con los pa\u00edses del Golfo..<\/p>\n<p style=\"text-align: justify;\">????Canciller liban\u00e9s: no tenemos intenci\u00f3n de pedir disculpas a Arabia Saudita.<\/p>\n<p style=\"text-align: justify;\">\n<p style=\"text-align: justify;\">\n<p style=\"text-align: justify;\">\n<p style=\"text-align: justify;\">\n","protected":false},"excerpt":{"rendered":"<p>Damasco,03 nov (SANA) ????P\u00e9rdidas materiales en agresi\u00f3n a\u00e9rea israel\u00ed contra una posici\u00f3n al sur de Damasco. ????Siria incauta armas y medicamentos israel\u00edes remanentes de terroristas en Quneitra. ????Siria despide a la leyenda del Tarab, Sabah Fakhry. ????Pobladores de Tel Rifaat\/Alepo protestan contra el ocupante turco. ????Ocupaci\u00f3n turca arranca olivos y saquea cultivos de agricultores en &hellip;<\/p>\n","protected":false},"author":35,"featured_media":203823,"comment_status":"closed","ping_status":"closed","sticky":false,"template":"","format":"standard","meta":{"footnotes":""},"categories":[447,555,597,476,515,7541],"tags":[7161,20081,20082,20046,1347,19728],"class_list":["post-203822","post","type-post","status-publish","format-standard","has-post-thumbnail","","category-local-politica","category-prensa","category-cinta-de-noticias","category-locales","category-noticias-arte-y-cultura","category-ultimas-noticias","tag-damasco","tag-eventos","tag-internacionales","tag-noticias","tag-sana","tag-titulares"],"_links":{"self":[{"href":"https:\/\/archive.sana.sy\/es\/index.php?rest_route=\/wp\/v2\/posts\/203822"}],"collection":[{"href":"https:\/\/archive.sana.sy\/es\/index.php?rest_route=\/wp\/v2\/posts"}],"about":[{"href":"https:\/\/archive.sana.sy\/es\/index.php?rest_route=\/wp\/v2\/types\/post"}],"author":[{"embeddable":true,"href":"https:\/\/archive.sana.sy\/es\/index.php?rest_route=\/wp\/v2\/users\/35"}],"replies":[{"embeddable":true,"href":"https:\/\/archive.sana.sy\/es\/index.php?rest_route=%2Fwp%2Fv2%2Fcomments&post=203822"}],"version-history":[{"count":0,"href":"https:\/\/archive.sana.sy\/es\/index.php?rest_route=\/wp\/v2\/posts\/203822\/revisions"}],"wp:featuredmedia":[{"embeddable":true,"href":"https:\/\/archive.sana.sy\/es\/index.php?rest_route=\/wp\/v2\/media\/203823"}],"wp:attachment":[{"href":"https:\/\/archive.sana.sy\/es\/index.php?rest_route=%2Fwp%2Fv2%2Fmedia&parent=203822"}],"wp:term":[{"taxonomy":"category","embeddable":true,"href":"https:\/\/archive.sana.sy\/es\/index.php?rest_route=%2Fwp%2Fv2%2Fcategories&post=203822"},{"taxonomy":"post_tag","embeddable":true,"href":"https:\/\/archive.sana.sy\/es\/index.php?rest_route=%2Fwp%2Fv2%2Ftags&post=203822"}],"curies":[{"name":"wp","href":"https:\/\/api.w.org\/{rel}","templated":true}]}}