{"id":20386,"date":"2015-03-29T16:25:43","date_gmt":"2015-03-29T13:25:43","guid":{"rendered":"http:\/\/www.sana.sy\/es\/?p=20386"},"modified":"2015-03-29T16:25:43","modified_gmt":"2015-03-29T13:25:43","slug":"los-cristianos-catolicos-celebran-el-domingo-de-ramos-en-siria","status":"publish","type":"post","link":"https:\/\/archive.sana.sy\/es\/?p=20386","title":{"rendered":"Los cristianos cat\u00f3licos celebran el Domingo de Ramos en Siria"},"content":{"rendered":"<p><span style=\"color: #800000\">Damasco, SANA<\/span><\/p>\n<p>Las comunidades cristianas cat\u00f3licas en Siria celebraron el Domingo de Ramos, el d\u00eda en el que Jesucristo, mensajero de amor y paz entr\u00f3 en la ciudad de Jerusal\u00e9n.<\/p>\n<p>Al oficiar la predicaci\u00f3n de la misa que se realiz\u00f3 en la iglesia de Saidat al-Niyah \u201cla llorona\u201d en el casco antiguo de Damasco, el patriarca de Antioqu\u00eda y todo el Oriente para los greco-cat\u00f3licos melquitas, Gregorios III Laham llam\u00f3 a los sirios, tanto cristianos como musulmanes, para cerrar filas y poner el inter\u00e9s de Siria por encima de todo.<\/p>\n<p>El patriarca Laham invit\u00f3 a todos los creyentes en Siria, el L\u00edbano, Irak y Egipto a armarse de fe y recurrir a la tolerancia y la reconciliaci\u00f3n para resolver sus problemas.<\/p>\n<p>Asimismo hizo referencia a los cr\u00edmenes cometidos por los terroristas en Siria en contra de los inocentes, sobre todo los ni\u00f1os, haciendo hincapi\u00e9 en que el representante del Vaticano ante la ONU anunci\u00f3 a nombre del Sumo Pont\u00edfice que los terroristas en Siria est\u00e1n violando los derechos de los ni\u00f1os al reclutar a algunos y traficar con otros o utilizarlos como escudos humanos.<\/p>\n<p>Al concluir su predicaci\u00f3n, el patriarca rez\u00f3 a Dios para que salvaguarde a Siria y su ej\u00e9rcito bajo el liderazgo del presidente Bashar al-Assad, y por la restauraci\u00f3n de la paz en el pa\u00eds.<\/p>\n<p>Lynn A., Riyad Sh.<\/p>\n","protected":false},"excerpt":{"rendered":"<p>Damasco, SANA Las comunidades cristianas cat\u00f3licas en Siria celebraron el Domingo de Ramos, el d\u00eda en el que Jesucristo, mensajero de amor y paz entr\u00f3 en la ciudad de Jerusal\u00e9n. Al oficiar la predicaci\u00f3n de la misa que se realiz\u00f3 en la iglesia de Saidat al-Niyah \u201cla llorona\u201d en el casco antiguo de Damasco, el &hellip;<\/p>\n","protected":false},"author":24,"featured_media":20387,"comment_status":"closed","ping_status":"closed","sticky":false,"template":"","format":"standard","meta":{"footnotes":""},"categories":[477,476],"tags":[4625],"class_list":["post-20386","post","type-post","status-publish","format-standard","has-post-thumbnail","","category-noticias-edulcorantes","category-locales","tag-los-cristianos-catolicos-celebran-el-domingo-de-ramos-en-siria"],"_links":{"self":[{"href":"https:\/\/archive.sana.sy\/es\/index.php?rest_route=\/wp\/v2\/posts\/20386"}],"collection":[{"href":"https:\/\/archive.sana.sy\/es\/index.php?rest_route=\/wp\/v2\/posts"}],"about":[{"href":"https:\/\/archive.sana.sy\/es\/index.php?rest_route=\/wp\/v2\/types\/post"}],"author":[{"embeddable":true,"href":"https:\/\/archive.sana.sy\/es\/index.php?rest_route=\/wp\/v2\/users\/24"}],"replies":[{"embeddable":true,"href":"https:\/\/archive.sana.sy\/es\/index.php?rest_route=%2Fwp%2Fv2%2Fcomments&post=20386"}],"version-history":[{"count":0,"href":"https:\/\/archive.sana.sy\/es\/index.php?rest_route=\/wp\/v2\/posts\/20386\/revisions"}],"wp:featuredmedia":[{"embeddable":true,"href":"https:\/\/archive.sana.sy\/es\/index.php?rest_route=\/wp\/v2\/media\/20387"}],"wp:attachment":[{"href":"https:\/\/archive.sana.sy\/es\/index.php?rest_route=%2Fwp%2Fv2%2Fmedia&parent=20386"}],"wp:term":[{"taxonomy":"category","embeddable":true,"href":"https:\/\/archive.sana.sy\/es\/index.php?rest_route=%2Fwp%2Fv2%2Fcategories&post=20386"},{"taxonomy":"post_tag","embeddable":true,"href":"https:\/\/archive.sana.sy\/es\/index.php?rest_route=%2Fwp%2Fv2%2Ftags&post=20386"}],"curies":[{"name":"wp","href":"https:\/\/api.w.org\/{rel}","templated":true}]}}