{"id":20391,"date":"2015-03-29T17:04:33","date_gmt":"2015-03-29T14:04:33","guid":{"rendered":"http:\/\/www.sana.sy\/es\/?p=20391"},"modified":"2015-03-29T17:04:33","modified_gmt":"2015-03-29T14:04:33","slug":"inician-las-labores-de-la-conferencia-anual-del-sindicato-de-ingenieros","status":"publish","type":"post","link":"https:\/\/archive.sana.sy\/es\/?p=20391","title":{"rendered":"Inician las labores de la Conferencia Anual del Sindicato de Ingenieros"},"content":{"rendered":"<p><span style=\"color: #800000\">Damasco, SANA<\/span><\/p>\n<p>Se dio inicio este domingo a las labores de la Conferencia Anual General del Sindicato de Arquitectos e Ingenieros en Damasco bajo el lema \u201cGracias a la cohesi\u00f3n de nuestro pueblo y ej\u00e9rcito venceremos el complot y reconstruimos a Siria\u201d.<\/p>\n<p>Al hacer uso de la palabra, el subsecretario general del Partido \u00c1rabe Socialista de Baath, Hilal al-Hilal se\u00f1al\u00f3 que la conferencia se celebra en medio de una etapa cr\u00edtica por la que atraviesa el pa\u00eds, y el \u00e9xito de sus labores forman parte de la lucha del pueblo sirio contra la embestida terrorista.<\/p>\n<p>Al-Hilal destac\u00f3 el papel de los arquitectos en reforzar la resistencia de Siria durante la crisis, as\u00ed como resalt\u00f3 que la guerra que est\u00e1 librando nuestro pueblo y ej\u00e9rcito para mantener la dignidad y soberan\u00eda de Siria es una de las m\u00e1s importantes guerras que atestigu\u00f3 la humanidad.<\/p>\n<p>Por otro lado, al-Hilal denunci\u00f3 la agresi\u00f3n librada por potencias reaccionarios \u00e1rabes contra el pueblo hermano yemen\u00ed, considerando que esta acci\u00f3n es una prueba m\u00e1s de la complicidad de estos reg\u00edmenes con el colonialismo y el sionismo.<\/p>\n<p>A su vez, el ministro de Obras P\u00fablicas, Hossein Arnous cuyo ministerio trabaja para emitir varias legislaciones y decisiones que contribuir\u00edan a mejorar el rendimiento del Sindicato de Ingenieros, resaltando la importancia de movilizar los esfuerzos para la etapa de reconstrucci\u00f3n del pa\u00eds.<\/p>\n<p>La conferencia cont\u00f3 con la presencia de miembros de la Direcci\u00f3n Nacional del Partido al-Baath, los Ministros de Energ\u00eda El\u00e9ctrica, de Viviendas y Desarrollo Urbano, el Gobernador de Damasco-campo, adem\u00e1s de varios diputados.<\/p>\n<p>Lynn A., Riyad Sh.<\/p>\n","protected":false},"excerpt":{"rendered":"<p>Damasco, SANA Se dio inicio este domingo a las labores de la Conferencia Anual General del Sindicato de Arquitectos e Ingenieros en Damasco bajo el lema \u201cGracias a la cohesi\u00f3n de nuestro pueblo y ej\u00e9rcito venceremos el complot y reconstruimos a Siria\u201d. Al hacer uso de la palabra, el subsecretario general del Partido \u00c1rabe Socialista &hellip;<\/p>\n","protected":false},"author":24,"featured_media":20392,"comment_status":"closed","ping_status":"closed","sticky":false,"template":"","format":"standard","meta":{"footnotes":""},"categories":[477,597,476],"tags":[4627],"class_list":["post-20391","post","type-post","status-publish","format-standard","has-post-thumbnail","","category-noticias-edulcorantes","category-cinta-de-noticias","category-locales","tag-inician-las-labores-de-la-conferencia-anual-del-sindicato-de-ingenieros"],"_links":{"self":[{"href":"https:\/\/archive.sana.sy\/es\/index.php?rest_route=\/wp\/v2\/posts\/20391"}],"collection":[{"href":"https:\/\/archive.sana.sy\/es\/index.php?rest_route=\/wp\/v2\/posts"}],"about":[{"href":"https:\/\/archive.sana.sy\/es\/index.php?rest_route=\/wp\/v2\/types\/post"}],"author":[{"embeddable":true,"href":"https:\/\/archive.sana.sy\/es\/index.php?rest_route=\/wp\/v2\/users\/24"}],"replies":[{"embeddable":true,"href":"https:\/\/archive.sana.sy\/es\/index.php?rest_route=%2Fwp%2Fv2%2Fcomments&post=20391"}],"version-history":[{"count":0,"href":"https:\/\/archive.sana.sy\/es\/index.php?rest_route=\/wp\/v2\/posts\/20391\/revisions"}],"wp:featuredmedia":[{"embeddable":true,"href":"https:\/\/archive.sana.sy\/es\/index.php?rest_route=\/wp\/v2\/media\/20392"}],"wp:attachment":[{"href":"https:\/\/archive.sana.sy\/es\/index.php?rest_route=%2Fwp%2Fv2%2Fmedia&parent=20391"}],"wp:term":[{"taxonomy":"category","embeddable":true,"href":"https:\/\/archive.sana.sy\/es\/index.php?rest_route=%2Fwp%2Fv2%2Fcategories&post=20391"},{"taxonomy":"post_tag","embeddable":true,"href":"https:\/\/archive.sana.sy\/es\/index.php?rest_route=%2Fwp%2Fv2%2Ftags&post=20391"}],"curies":[{"name":"wp","href":"https:\/\/api.w.org\/{rel}","templated":true}]}}