{"id":204115,"date":"2021-11-05T13:07:00","date_gmt":"2021-11-05T11:07:00","guid":{"rendered":"http:\/\/107.6.182.27\/es\/?p=204115"},"modified":"2021-11-05T13:07:00","modified_gmt":"2021-11-05T11:07:00","slug":"ejercito-turco-y-sus-mercenarios-bombardean-a-pueblos-en-hasakeh-siria","status":"publish","type":"post","link":"https:\/\/archive.sana.sy\/es\/?p=204115","title":{"rendered":"Ej\u00e9rcito turco y sus mercenarios bombardean a pueblos en Hasakeh\/Siria"},"content":{"rendered":"<p style=\"text-align: justify;\"><span style=\"color: #800000;\"><strong>Hasakeh, 05 nov (SANA)\u00a0 \u00a0<\/strong><\/span>Las fuerzas del ocupante turco y sus milicias terroristas reanudaron sus ataques contra las viviendas de los civiles en las cercan\u00edas de los pueblos de Tel Temer y Abu Rasen situados, en el noroeste de Hasakeh.<\/p>\n<p style=\"text-align: justify;\">De acuerdo a activistas locales, los bombardeos con artiller\u00eda pesada apuntaron contra Abu Rasen y al-Dardara, lo que ocasion\u00f3 da\u00f1os materiales en las casas y las propiedades.<\/p>\n<p style=\"text-align: justify;\">Similares bombardeos ocurren con frecuencia contra localidades en las zonas rurales de las provincias de Hasakeh, Alepo y Raqa, lo que causa bajas entre civiles y p\u00e9rdidas en las propiedades p\u00fablicas y privadas.<\/p>\n<p style=\"text-align: justify;\"><strong>ah\/fm<\/strong><\/p>\n","protected":false},"excerpt":{"rendered":"<p>Hasakeh, 05 nov (SANA)\u00a0 \u00a0Las fuerzas del ocupante turco y sus milicias terroristas reanudaron sus ataques contra las viviendas de los civiles en las cercan\u00edas de los pueblos de Tel Temer y Abu Rasen situados, en el noroeste de Hasakeh. De acuerdo a activistas locales, los bombardeos con artiller\u00eda pesada apuntaron contra Abu Rasen y &hellip;<\/p>\n","protected":false},"author":30,"featured_media":204116,"comment_status":"closed","ping_status":"closed","sticky":false,"template":"","format":"standard","meta":{"footnotes":""},"categories":[597,573,457,7541],"tags":[16841,6553,7512],"class_list":["post-204115","post","type-post","status-publish","format-standard","has-post-thumbnail","","category-cinta-de-noticias","category-la-realidad-de-los-acontecimientos-en-siria","category-noticias-arabe-internacional-politica","category-ultimas-noticias","tag-hasakeh","tag-siria","tag-turquia"],"_links":{"self":[{"href":"https:\/\/archive.sana.sy\/es\/index.php?rest_route=\/wp\/v2\/posts\/204115"}],"collection":[{"href":"https:\/\/archive.sana.sy\/es\/index.php?rest_route=\/wp\/v2\/posts"}],"about":[{"href":"https:\/\/archive.sana.sy\/es\/index.php?rest_route=\/wp\/v2\/types\/post"}],"author":[{"embeddable":true,"href":"https:\/\/archive.sana.sy\/es\/index.php?rest_route=\/wp\/v2\/users\/30"}],"replies":[{"embeddable":true,"href":"https:\/\/archive.sana.sy\/es\/index.php?rest_route=%2Fwp%2Fv2%2Fcomments&post=204115"}],"version-history":[{"count":0,"href":"https:\/\/archive.sana.sy\/es\/index.php?rest_route=\/wp\/v2\/posts\/204115\/revisions"}],"wp:featuredmedia":[{"embeddable":true,"href":"https:\/\/archive.sana.sy\/es\/index.php?rest_route=\/wp\/v2\/media\/204116"}],"wp:attachment":[{"href":"https:\/\/archive.sana.sy\/es\/index.php?rest_route=%2Fwp%2Fv2%2Fmedia&parent=204115"}],"wp:term":[{"taxonomy":"category","embeddable":true,"href":"https:\/\/archive.sana.sy\/es\/index.php?rest_route=%2Fwp%2Fv2%2Fcategories&post=204115"},{"taxonomy":"post_tag","embeddable":true,"href":"https:\/\/archive.sana.sy\/es\/index.php?rest_route=%2Fwp%2Fv2%2Ftags&post=204115"}],"curies":[{"name":"wp","href":"https:\/\/api.w.org\/{rel}","templated":true}]}}