{"id":204162,"date":"2021-11-05T15:00:16","date_gmt":"2021-11-05T13:00:16","guid":{"rendered":"http:\/\/107.6.182.27\/es\/?p=204162"},"modified":"2023-01-10T14:24:34","modified_gmt":"2023-01-10T12:24:34","slug":"a-traves-del-territorio-jordano-eeuu-refuerza-su-base-militar-ilegal-en-al-tanef-siria","status":"publish","type":"post","link":"https:\/\/archive.sana.sy\/es\/?p=204162","title":{"rendered":"A trav\u00e9s del territorio jordano, EEUU refuerza su base militar ilegal en al-Tanef\/Siria"},"content":{"rendered":"<p style=\"text-align: justify;\"><span style=\"color: #800000;\"><strong>Homs, 5 oct (SANA)<\/strong> <\/span>Las fuerzas de ocupaci\u00f3n estadounidenses introdujeron un convoy militar a su base militar en el \u00e1rea de al-Tanef en la frontera sirio-iraqu\u00ed, en este de Siria.<\/p>\n<p style=\"text-align: justify;\">Activistas locales informaron a SANA que la caravana est\u00e1 compuesta por 26 veh\u00edculos que incluyen camiones que transportan armas, municiones y equipos log\u00edsticos.<\/p>\n<p style=\"text-align: justify;\">Se\u00f1alaron que esta columna es la m\u00e1s grande de su tipo que lleg\u00f3 en los \u00faltimos a\u00f1os a este enclave.<\/p>\n<p style=\"text-align: justify;\">El convoy ingres\u00f3 a territorio sirio desde territorio jordano a trav\u00e9s de corredores que las fuerzas de ocupaci\u00f3n hab\u00edan establecido desde que ocuparon la zona hace varios a\u00f1os para apoyar a organizaciones terroristas desplegados en la zona.<\/p>\n<p style=\"text-align: justify;\"><span style=\"color: #0000ff;\"><strong>sm\/fm<\/strong><\/span><\/p>\n","protected":false},"excerpt":{"rendered":"<p>Homs, 5 oct (SANA) Las fuerzas de ocupaci\u00f3n estadounidenses introdujeron un convoy militar a su base militar en el \u00e1rea de al-Tanef en la frontera sirio-iraqu\u00ed, en este de Siria. Activistas locales informaron a SANA que la caravana est\u00e1 compuesta por 26 veh\u00edculos que incluyen camiones que transportan armas, municiones y equipos log\u00edsticos. Se\u00f1alaron que &hellip;<\/p>\n","protected":false},"author":39,"featured_media":204165,"comment_status":"closed","ping_status":"closed","sticky":false,"template":"","format":"standard","meta":{"footnotes":""},"categories":[447,477,597,573,457,583],"tags":[20117,7132,20118,17555],"class_list":["post-204162","post","type-post","status-publish","format-standard","has-post-thumbnail","","category-local-politica","category-noticias-edulcorantes","category-cinta-de-noticias","category-la-realidad-de-los-acontecimientos-en-siria","category-noticias-arabe-internacional-politica","category-slide","tag-base-militar-ilegal-en-al-tanef-siria","tag-eeuu","tag-frontera-sirio-iraqui","tag-ocupacion-estadounidense"],"_links":{"self":[{"href":"https:\/\/archive.sana.sy\/es\/index.php?rest_route=\/wp\/v2\/posts\/204162"}],"collection":[{"href":"https:\/\/archive.sana.sy\/es\/index.php?rest_route=\/wp\/v2\/posts"}],"about":[{"href":"https:\/\/archive.sana.sy\/es\/index.php?rest_route=\/wp\/v2\/types\/post"}],"author":[{"embeddable":true,"href":"https:\/\/archive.sana.sy\/es\/index.php?rest_route=\/wp\/v2\/users\/39"}],"replies":[{"embeddable":true,"href":"https:\/\/archive.sana.sy\/es\/index.php?rest_route=%2Fwp%2Fv2%2Fcomments&post=204162"}],"version-history":[{"count":0,"href":"https:\/\/archive.sana.sy\/es\/index.php?rest_route=\/wp\/v2\/posts\/204162\/revisions"}],"wp:featuredmedia":[{"embeddable":true,"href":"https:\/\/archive.sana.sy\/es\/index.php?rest_route=\/wp\/v2\/media\/204165"}],"wp:attachment":[{"href":"https:\/\/archive.sana.sy\/es\/index.php?rest_route=%2Fwp%2Fv2%2Fmedia&parent=204162"}],"wp:term":[{"taxonomy":"category","embeddable":true,"href":"https:\/\/archive.sana.sy\/es\/index.php?rest_route=%2Fwp%2Fv2%2Fcategories&post=204162"},{"taxonomy":"post_tag","embeddable":true,"href":"https:\/\/archive.sana.sy\/es\/index.php?rest_route=%2Fwp%2Fv2%2Ftags&post=204162"}],"curies":[{"name":"wp","href":"https:\/\/api.w.org\/{rel}","templated":true}]}}