{"id":204253,"date":"2021-11-06T16:50:44","date_gmt":"2021-11-06T14:50:44","guid":{"rendered":"http:\/\/107.6.182.27\/es\/?p=204253"},"modified":"2023-01-12T14:39:54","modified_gmt":"2023-01-12T12:39:54","slug":"colonos-israelies-irrumpen-en-el-sur-de-hebron","status":"publish","type":"post","link":"https:\/\/archive.sana.sy\/es\/?p=204253","title":{"rendered":"Colonos israel\u00edes irrumpen en el sur de Hebr\u00f3n"},"content":{"rendered":"<p style=\"text-align: justify;\"><span style=\"color: #800000;\"><strong>Jerusal\u00e9n ocupada, 6 nov (SANA) <\/strong><\/span>Colonos israel\u00edes asaltaron hoy la localidad de Susiya, al sur de Hebr\u00f3n en Cisjordania.<\/p>\n<p style=\"text-align: justify;\">La agencia palestina de noticias Wafa inform\u00f3 que decenas de colonos sionistas irrumpieron en la localidad y atacaron casas y propiedades palestinas, causando da\u00f1os materiales.<\/p>\n<p style=\"text-align: justify;\">En la v\u00edspera, colonos irrumpieron en los olivares de la ciudad de Tekoa en la ciudad de Bel\u00e9n en Cisjordania y atacaron a los agricultores.<\/p>\n<p style=\"text-align: justify;\"><span style=\"color: #0000ff;\"><strong>sm\/rsh<\/strong><\/span><\/p>\n","protected":false},"excerpt":{"rendered":"<p>Jerusal\u00e9n ocupada, 6 nov (SANA) Colonos israel\u00edes asaltaron hoy la localidad de Susiya, al sur de Hebr\u00f3n en Cisjordania. La agencia palestina de noticias Wafa inform\u00f3 que decenas de colonos sionistas irrumpieron en la localidad y atacaron casas y propiedades palestinas, causando da\u00f1os materiales. En la v\u00edspera, colonos irrumpieron en los olivares de la ciudad &hellip;<\/p>\n","protected":false},"author":39,"featured_media":204254,"comment_status":"closed","ping_status":"closed","sticky":false,"template":"","format":"standard","meta":{"footnotes":""},"categories":[597,456,457],"tags":[9074,20031,19704],"class_list":["post-204253","post","type-post","status-publish","format-standard","has-post-thumbnail","","category-cinta-de-noticias","category-arabe-internacional-politica","category-noticias-arabe-internacional-politica","tag-cisjordania","tag-colonos-israelies","tag-hebron"],"_links":{"self":[{"href":"https:\/\/archive.sana.sy\/es\/index.php?rest_route=\/wp\/v2\/posts\/204253"}],"collection":[{"href":"https:\/\/archive.sana.sy\/es\/index.php?rest_route=\/wp\/v2\/posts"}],"about":[{"href":"https:\/\/archive.sana.sy\/es\/index.php?rest_route=\/wp\/v2\/types\/post"}],"author":[{"embeddable":true,"href":"https:\/\/archive.sana.sy\/es\/index.php?rest_route=\/wp\/v2\/users\/39"}],"replies":[{"embeddable":true,"href":"https:\/\/archive.sana.sy\/es\/index.php?rest_route=%2Fwp%2Fv2%2Fcomments&post=204253"}],"version-history":[{"count":0,"href":"https:\/\/archive.sana.sy\/es\/index.php?rest_route=\/wp\/v2\/posts\/204253\/revisions"}],"wp:featuredmedia":[{"embeddable":true,"href":"https:\/\/archive.sana.sy\/es\/index.php?rest_route=\/wp\/v2\/media\/204254"}],"wp:attachment":[{"href":"https:\/\/archive.sana.sy\/es\/index.php?rest_route=%2Fwp%2Fv2%2Fmedia&parent=204253"}],"wp:term":[{"taxonomy":"category","embeddable":true,"href":"https:\/\/archive.sana.sy\/es\/index.php?rest_route=%2Fwp%2Fv2%2Fcategories&post=204253"},{"taxonomy":"post_tag","embeddable":true,"href":"https:\/\/archive.sana.sy\/es\/index.php?rest_route=%2Fwp%2Fv2%2Ftags&post=204253"}],"curies":[{"name":"wp","href":"https:\/\/api.w.org\/{rel}","templated":true}]}}