{"id":204299,"date":"2021-11-06T21:32:58","date_gmt":"2021-11-06T19:32:58","guid":{"rendered":"http:\/\/107.6.182.27\/es\/?p=204299"},"modified":"2023-01-10T14:24:30","modified_gmt":"2023-01-10T12:24:30","slug":"delegacion-palestina-visita-el-golan-ocupado-y-reitera-apoyo-a-los-compatriotas-sirios","status":"publish","type":"post","link":"https:\/\/archive.sana.sy\/es\/?p=204299","title":{"rendered":"Delegaci\u00f3n palestina visita el Gol\u00e1n ocupado y reitera apoyo a los compatriotas sirios"},"content":{"rendered":"<p style=\"text-align: justify;\"><strong>Gol\u00e1n sirio ocupado, 06 nov (SANA)\u00a0<\/strong>\u00a0 Una delegaci\u00f3n ministerial palestina visit\u00f3 hoy el Gol\u00e1n sirio ocupado y se reuni\u00f3 con varias figuras nacionales en la localidad de Bukatha.<\/p>\n<p style=\"text-align: justify;\">Los miembros de la delegaci\u00f3n encabezada por el secretario del Comit\u00e9 Central del Movimiento Fatah, Jibril Rajoub, reiteraron la posici\u00f3n de los palestinos en contra del complot que enfrenta Siria y destacaron el apoyo que proporcion\u00f3 a la causa palestina durante d\u00e9cadas.<\/p>\n<p style=\"text-align: justify;\">Asimismo, subrayaron la solidaridad del pueblo palestino con sus hermanos sirios y consideraron que las conspiraciones est\u00e1n encaminadas a propagar la divisi\u00f3n y el terrorismo y debilitar la posici\u00f3n siria de apoyo a Palestina y las causas \u00e1rabes.<\/p>\n<p style=\"text-align: justify;\">&#8220;Cuando visito el Gol\u00e1n, percibo el profundo patriotismo de la gente de esta tierra, y su pertenencia a la tierra que se consolida d\u00eda tras d\u00eda&#8221;, dijo el ministro de Informaci\u00f3n palestino Ahmed Assaf.<\/p>\n<p style=\"text-align: justify;\">A su vez, las figuras nacionales en el Gol\u00e1n manifestaron que la poblaci\u00f3n golanesa y el pueblo sirio apoya la causa palestina y son solidarios con el pueblo palestino.<\/p>\n<p style=\"text-align: justify;\">La delegaci\u00f3n incluy\u00f3 al embajador palestino en Damasco, Samir Al-Rifai, el ministro de Informaci\u00f3n, Ahmed Assaf, el ministro de Deportes, Issam Qaddoumi y varis dirigentes palestinos.<\/p>\n<p style=\"text-align: justify;\">fm<\/p>\n","protected":false},"excerpt":{"rendered":"<p>Gol\u00e1n sirio ocupado, 06 nov (SANA)\u00a0\u00a0 Una delegaci\u00f3n ministerial palestina visit\u00f3 hoy el Gol\u00e1n sirio ocupado y se reuni\u00f3 con varias figuras nacionales en la localidad de Bukatha. Los miembros de la delegaci\u00f3n encabezada por el secretario del Comit\u00e9 Central del Movimiento Fatah, Jibril Rajoub, reiteraron la posici\u00f3n de los palestinos en contra del complot &hellip;<\/p>\n","protected":false},"author":34,"featured_media":204300,"comment_status":"closed","ping_status":"closed","sticky":false,"template":"","format":"standard","meta":{"footnotes":""},"categories":[447,477,597,476,457,467,583],"tags":[7161,19691,1494,6553],"class_list":["post-204299","post","type-post","status-publish","format-standard","has-post-thumbnail","","category-local-politica","category-noticias-edulcorantes","category-cinta-de-noticias","category-locales","category-noticias-arabe-internacional-politica","category-siria-y-el-mundo","category-slide","tag-damasco","tag-golan","tag-palestina","tag-siria"],"_links":{"self":[{"href":"https:\/\/archive.sana.sy\/es\/index.php?rest_route=\/wp\/v2\/posts\/204299"}],"collection":[{"href":"https:\/\/archive.sana.sy\/es\/index.php?rest_route=\/wp\/v2\/posts"}],"about":[{"href":"https:\/\/archive.sana.sy\/es\/index.php?rest_route=\/wp\/v2\/types\/post"}],"author":[{"embeddable":true,"href":"https:\/\/archive.sana.sy\/es\/index.php?rest_route=\/wp\/v2\/users\/34"}],"replies":[{"embeddable":true,"href":"https:\/\/archive.sana.sy\/es\/index.php?rest_route=%2Fwp%2Fv2%2Fcomments&post=204299"}],"version-history":[{"count":0,"href":"https:\/\/archive.sana.sy\/es\/index.php?rest_route=\/wp\/v2\/posts\/204299\/revisions"}],"wp:featuredmedia":[{"embeddable":true,"href":"https:\/\/archive.sana.sy\/es\/index.php?rest_route=\/wp\/v2\/media\/204300"}],"wp:attachment":[{"href":"https:\/\/archive.sana.sy\/es\/index.php?rest_route=%2Fwp%2Fv2%2Fmedia&parent=204299"}],"wp:term":[{"taxonomy":"category","embeddable":true,"href":"https:\/\/archive.sana.sy\/es\/index.php?rest_route=%2Fwp%2Fv2%2Fcategories&post=204299"},{"taxonomy":"post_tag","embeddable":true,"href":"https:\/\/archive.sana.sy\/es\/index.php?rest_route=%2Fwp%2Fv2%2Ftags&post=204299"}],"curies":[{"name":"wp","href":"https:\/\/api.w.org\/{rel}","templated":true}]}}