{"id":204350,"date":"2021-11-07T15:00:15","date_gmt":"2021-11-07T13:00:15","guid":{"rendered":"http:\/\/107.6.182.27\/es\/?p=204350"},"modified":"2023-01-10T14:24:27","modified_gmt":"2023-01-10T12:24:27","slug":"eeuu-retira-a-270-vehiculos-del-territorio-sirio-en-la-mayor-evacuacion-efectuada-en-los-ultimos-anos","status":"publish","type":"post","link":"https:\/\/archive.sana.sy\/es\/?p=204350","title":{"rendered":"EEUU retira a 270 veh\u00edculos del territorio sirio, en la mayor evacuaci\u00f3n efectuada en los \u00faltimos a\u00f1os"},"content":{"rendered":"<p style=\"text-align: justify;\"><strong><span style=\"color: #800000;\">Hasakeh, 07 nov (SANA)<\/span><\/strong>\u00a0 \u00a0Las fuerzas de ocupaci\u00f3n estadounidenses retiraron hoy un convoy de 270 veh\u00edculos de su base en la base a\u00e9rea de Kherab Al-Jir en la provincia de Hasakeh en Siria hacia el norte de Irak.<\/p>\n<p style=\"text-align: justify;\">La columna sali\u00f3 del territorio sirio a trav\u00e9s del cruce ilegal de al-Waleed, en una de las mayores operaciones de evacuaci\u00f3n llevadas a cabo por la ocupaci\u00f3n estadounidense durante los \u00faltimos a\u00f1os.<\/p>\n<p style=\"text-align: justify;\">Seg\u00fan activistas locales, la caravana estaba compuesta por 150 camiones frigor\u00edficos y 120 remolques que transportan tanques.<\/p>\n<p style=\"text-align: justify;\">Las fuentes agregaron que veh\u00edculos blindados de las fuerzas de ocupaci\u00f3n y otros artillados de la milicia\u00a0 separatista proestadounidense FDS acompa\u00f1aron la caravana.<\/p>\n<p style=\"text-align: justify;\">El 25 del mes pasado, las fuerzas de ocupaci\u00f3n estadounidenses sacaron un convoy de camiones cargados con petr\u00f3leo sirio saqueado del territorio sirio hacia el norte de Iraq.<\/p>\n<p style=\"text-align: justify;\"><span style=\"color: #0000ff;\"><strong>fm\/ws<\/strong><\/span><\/p>\n","protected":false},"excerpt":{"rendered":"<p>Hasakeh, 07 nov (SANA)\u00a0 \u00a0Las fuerzas de ocupaci\u00f3n estadounidenses retiraron hoy un convoy de 270 veh\u00edculos de su base en la base a\u00e9rea de Kherab Al-Jir en la provincia de Hasakeh en Siria hacia el norte de Irak. La columna sali\u00f3 del territorio sirio a trav\u00e9s del cruce ilegal de al-Waleed, en una de las &hellip;<\/p>\n","protected":false},"author":35,"featured_media":204351,"comment_status":"closed","ping_status":"closed","sticky":false,"template":"","format":"standard","meta":{"footnotes":""},"categories":[447,477,597,573,476,583],"tags":[20165,7132,16841,20166],"class_list":["post-204350","post","type-post","status-publish","format-standard","has-post-thumbnail","","category-local-politica","category-noticias-edulcorantes","category-cinta-de-noticias","category-la-realidad-de-los-acontecimientos-en-siria","category-locales","category-slide","tag-al-waleed","tag-eeuu","tag-hasakeh","tag-vehiculos"],"_links":{"self":[{"href":"https:\/\/archive.sana.sy\/es\/index.php?rest_route=\/wp\/v2\/posts\/204350"}],"collection":[{"href":"https:\/\/archive.sana.sy\/es\/index.php?rest_route=\/wp\/v2\/posts"}],"about":[{"href":"https:\/\/archive.sana.sy\/es\/index.php?rest_route=\/wp\/v2\/types\/post"}],"author":[{"embeddable":true,"href":"https:\/\/archive.sana.sy\/es\/index.php?rest_route=\/wp\/v2\/users\/35"}],"replies":[{"embeddable":true,"href":"https:\/\/archive.sana.sy\/es\/index.php?rest_route=%2Fwp%2Fv2%2Fcomments&post=204350"}],"version-history":[{"count":0,"href":"https:\/\/archive.sana.sy\/es\/index.php?rest_route=\/wp\/v2\/posts\/204350\/revisions"}],"wp:featuredmedia":[{"embeddable":true,"href":"https:\/\/archive.sana.sy\/es\/index.php?rest_route=\/wp\/v2\/media\/204351"}],"wp:attachment":[{"href":"https:\/\/archive.sana.sy\/es\/index.php?rest_route=%2Fwp%2Fv2%2Fmedia&parent=204350"}],"wp:term":[{"taxonomy":"category","embeddable":true,"href":"https:\/\/archive.sana.sy\/es\/index.php?rest_route=%2Fwp%2Fv2%2Fcategories&post=204350"},{"taxonomy":"post_tag","embeddable":true,"href":"https:\/\/archive.sana.sy\/es\/index.php?rest_route=%2Fwp%2Fv2%2Ftags&post=204350"}],"curies":[{"name":"wp","href":"https:\/\/api.w.org\/{rel}","templated":true}]}}