{"id":204360,"date":"2021-11-07T13:27:12","date_gmt":"2021-11-07T11:27:12","guid":{"rendered":"http:\/\/107.6.182.27\/es\/?p=204360"},"modified":"2023-01-10T14:24:28","modified_gmt":"2023-01-10T12:24:28","slug":"bombardeos-turcos-provocan-danos-materiales-en-el-noroeste-de-hasakeh","status":"publish","type":"post","link":"https:\/\/archive.sana.sy\/es\/?p=204360","title":{"rendered":"Bombardeos turcos provocan da\u00f1os materiales en el noroeste de Hasakeh"},"content":{"rendered":"<p style=\"text-align: justify;\"><strong><span style=\"color: #800000;\">Hasakeh, 07 nov (SANA)<\/span><\/strong>\u00a0 La artiller\u00eda del ej\u00e9rcito turco reanud\u00f3 sus ataques contra varias localidades en el norte de la provincia de Hasakeh, y durante las \u00faltimas horas, bombarde\u00f3 la aldea de al-Dardara y sus alrededores.<\/p>\n<p style=\"text-align: justify;\">Activistas locales informaron a SANA que las tropas turcas con apoyo de sus mercenarios de las agrupaciones terroristas que ocupan la ciudad de Ras al-Ain, dispararon proyectiles de artiller\u00eda contra las viviendas en la referida aldea lo que caus\u00f3 da\u00f1os materiales en las propiedades.<\/p>\n<p style=\"text-align: justify;\">Los repetidos bombardeos provocan p\u00e1nico entre los pobladores que tengan que abandonar sus tierras y viviendas.<\/p>\n<p style=\"text-align: justify;\"><span style=\"color: #0000ff;\"><strong>ws\/fm\u00a0<\/strong><\/span><\/p>\n","protected":false},"excerpt":{"rendered":"<p>Hasakeh, 07 nov (SANA)\u00a0 La artiller\u00eda del ej\u00e9rcito turco reanud\u00f3 sus ataques contra varias localidades en el norte de la provincia de Hasakeh, y durante las \u00faltimas horas, bombarde\u00f3 la aldea de al-Dardara y sus alrededores. Activistas locales informaron a SANA que las tropas turcas con apoyo de sus mercenarios de las agrupaciones terroristas que &hellip;<\/p>\n","protected":false},"author":35,"featured_media":204363,"comment_status":"closed","ping_status":"closed","sticky":false,"template":"","format":"standard","meta":{"footnotes":""},"categories":[477,447,597,573,476,7541,1],"tags":[],"class_list":["post-204360","post","type-post","status-publish","format-standard","has-post-thumbnail","","category-noticias-edulcorantes","category-local-politica","category-cinta-de-noticias","category-la-realidad-de-los-acontecimientos-en-siria","category-locales","category-ultimas-noticias","category-news-not-sorted"],"_links":{"self":[{"href":"https:\/\/archive.sana.sy\/es\/index.php?rest_route=\/wp\/v2\/posts\/204360"}],"collection":[{"href":"https:\/\/archive.sana.sy\/es\/index.php?rest_route=\/wp\/v2\/posts"}],"about":[{"href":"https:\/\/archive.sana.sy\/es\/index.php?rest_route=\/wp\/v2\/types\/post"}],"author":[{"embeddable":true,"href":"https:\/\/archive.sana.sy\/es\/index.php?rest_route=\/wp\/v2\/users\/35"}],"replies":[{"embeddable":true,"href":"https:\/\/archive.sana.sy\/es\/index.php?rest_route=%2Fwp%2Fv2%2Fcomments&post=204360"}],"version-history":[{"count":0,"href":"https:\/\/archive.sana.sy\/es\/index.php?rest_route=\/wp\/v2\/posts\/204360\/revisions"}],"wp:featuredmedia":[{"embeddable":true,"href":"https:\/\/archive.sana.sy\/es\/index.php?rest_route=\/wp\/v2\/media\/204363"}],"wp:attachment":[{"href":"https:\/\/archive.sana.sy\/es\/index.php?rest_route=%2Fwp%2Fv2%2Fmedia&parent=204360"}],"wp:term":[{"taxonomy":"category","embeddable":true,"href":"https:\/\/archive.sana.sy\/es\/index.php?rest_route=%2Fwp%2Fv2%2Fcategories&post=204360"},{"taxonomy":"post_tag","embeddable":true,"href":"https:\/\/archive.sana.sy\/es\/index.php?rest_route=%2Fwp%2Fv2%2Ftags&post=204360"}],"curies":[{"name":"wp","href":"https:\/\/api.w.org\/{rel}","templated":true}]}}