{"id":204365,"date":"2021-11-07T13:31:12","date_gmt":"2021-11-07T11:31:12","guid":{"rendered":"http:\/\/107.6.182.27\/es\/?p=204365"},"modified":"2023-01-10T14:24:27","modified_gmt":"2023-01-10T12:24:27","slug":"liberan-a-un-numero-de-detenidos-en-provincia-de-deraa","status":"publish","type":"post","link":"https:\/\/archive.sana.sy\/es\/?p=204365","title":{"rendered":"Ponen en libertad a 15 detenidos en provincia de Deraa"},"content":{"rendered":"<p style=\"text-align: justify;\"><span style=\"color: #800000;\"><strong>Deraa, 07 nov (SANA)\u00a0 <\/strong><\/span>\u00a0Al menos 15 detenidos fueron puestos en libertad hoy en la provincia sure\u00f1a de Deraa.<\/p>\n<p style=\"text-align: justify;\">Dicha liberaci\u00f3n forma parte de la implementaci\u00f3n del acuerdo de reconciliaci\u00f3n propuesto por el Estado sirio e implementado recientemente en esta provincia sure\u00f1a.<\/p>\n<p style=\"text-align: justify;\">El gobernador de Daraa, Marwan Sharbak, dijo otros grupos de detenidos- que no fueron implicados en cr\u00edmenes de magnicidio- ser\u00e1n liberados durante los pr\u00f3ximos d\u00edas, y destac\u00f3 que la seguridad y estabilidad que vive la provincia se deben al valiente Ej\u00e9rcito \u00c1rabe Sirio.<\/p>\n<p style=\"text-align: justify;\">Por su parte, una fuente de seguridad explic\u00f3 que el proceso de liberaci\u00f3n se lleva a cabo de acuerdo a determinados procedimientos legales y ser\u00e1n liberados otros grupos sucesivamente.<\/p>\n<p style=\"text-align: justify;\">Agreg\u00f3 que se tratar\u00e1n tambi\u00e9n los casos de personas desaparecidas ofreciendo detalles sobre cada caso.<\/p>\n<p style=\"text-align: justify;\">Durante los dos \u00faltimos meses, la provincia de Daraa fue testigo de un proceso de pacificaci\u00f3n que abarc\u00f3 a decenas de localidades en paralelo con operaciones de peinado del Ej\u00e9rcito \u00c1rabe Sirio.<\/p>\n<p style=\"text-align: justify;\">fm\/ws<\/p>\n","protected":false},"excerpt":{"rendered":"<p>Deraa, 07 nov (SANA)\u00a0 \u00a0Al menos 15 detenidos fueron puestos en libertad hoy en la provincia sure\u00f1a de Deraa. Dicha liberaci\u00f3n forma parte de la implementaci\u00f3n del acuerdo de reconciliaci\u00f3n propuesto por el Estado sirio e implementado recientemente en esta provincia sure\u00f1a. El gobernador de Daraa, Marwan Sharbak, dijo otros grupos de detenidos- que no &hellip;<\/p>\n","protected":false},"author":35,"featured_media":204366,"comment_status":"closed","ping_status":"closed","sticky":false,"template":"","format":"standard","meta":{"footnotes":""},"categories":[447,477,597,573,476,7541],"tags":[17398,11180,8642,1347],"class_list":["post-204365","post","type-post","status-publish","format-standard","has-post-thumbnail","","category-local-politica","category-noticias-edulcorantes","category-cinta-de-noticias","category-la-realidad-de-los-acontecimientos-en-siria","category-locales","category-ultimas-noticias","tag-deraa","tag-armados","tag-detenidos","tag-sana"],"_links":{"self":[{"href":"https:\/\/archive.sana.sy\/es\/index.php?rest_route=\/wp\/v2\/posts\/204365"}],"collection":[{"href":"https:\/\/archive.sana.sy\/es\/index.php?rest_route=\/wp\/v2\/posts"}],"about":[{"href":"https:\/\/archive.sana.sy\/es\/index.php?rest_route=\/wp\/v2\/types\/post"}],"author":[{"embeddable":true,"href":"https:\/\/archive.sana.sy\/es\/index.php?rest_route=\/wp\/v2\/users\/35"}],"replies":[{"embeddable":true,"href":"https:\/\/archive.sana.sy\/es\/index.php?rest_route=%2Fwp%2Fv2%2Fcomments&post=204365"}],"version-history":[{"count":0,"href":"https:\/\/archive.sana.sy\/es\/index.php?rest_route=\/wp\/v2\/posts\/204365\/revisions"}],"wp:featuredmedia":[{"embeddable":true,"href":"https:\/\/archive.sana.sy\/es\/index.php?rest_route=\/wp\/v2\/media\/204366"}],"wp:attachment":[{"href":"https:\/\/archive.sana.sy\/es\/index.php?rest_route=%2Fwp%2Fv2%2Fmedia&parent=204365"}],"wp:term":[{"taxonomy":"category","embeddable":true,"href":"https:\/\/archive.sana.sy\/es\/index.php?rest_route=%2Fwp%2Fv2%2Fcategories&post=204365"},{"taxonomy":"post_tag","embeddable":true,"href":"https:\/\/archive.sana.sy\/es\/index.php?rest_route=%2Fwp%2Fv2%2Ftags&post=204365"}],"curies":[{"name":"wp","href":"https:\/\/api.w.org\/{rel}","templated":true}]}}