{"id":20441,"date":"2015-03-30T20:56:05","date_gmt":"2015-03-30T17:56:05","guid":{"rendered":"http:\/\/www.sana.sy\/es\/?p=20441"},"modified":"2015-03-30T20:56:05","modified_gmt":"2015-03-30T17:56:05","slug":"abdellahian-algunas-potencias-externas-contribuyen-al-fortalecimiento-de-las-organizaciones-terroristas-en-siria","status":"publish","type":"post","link":"https:\/\/archive.sana.sy\/es\/?p=20441","title":{"rendered":"Abdellahian: Algunas potencias externas contribuyen al fortalecimiento de las organizaciones terroristas en Siria"},"content":{"rendered":"<p>Mosc\u00fa-SANA<\/p>\n<p>El asistente del canciller iran\u00ed Husien Amir Abdellahian afirm\u00f3 que\u00a0 algunas potencias externas ayudan a fortalecer las organizaciones terroristas en Siria, subrayando que Ir\u00e1n apoya al pueblo sirio de cara al terrorismo.<\/p>\n<p>En una pl\u00e1tica concedida a RT, Abdellahian se\u00f1al\u00f3 que varios pa\u00edses y pol\u00edticos europeos y estadounidenses reconocieron la presencia del terrorismo en Siria y agreg\u00f3 que dichos estados y personalidades reiteraron la necesidad de alcanzar una soluci\u00f3n pol\u00edtica a la crisis siria.<\/p>\n<p>Asimismo explic\u00f3 que algunos gobiernos y agencias de inteligencia externas contribuyeron a fortalecer\u00a0 DAESH u otras organizaciones terroristas en Siria.<\/p>\n<p>El diplom\u00e1tico iran\u00ed opin\u00f3 que los estadounidenses practican el doble rasero en cuestiones relacionadas con la lucha contra el terrorismo, as\u00ed como no disponen de una estrategia unificada para combatir este flagelo.<\/p>\n<p>\u00a8A veces observamos una estrecha relaci\u00f3n entre la agencia de inteligencia de EEUU y las organizaciones terroristas\u00a8, destac\u00f3, haciendo hincapi\u00e9 en que los norteamericanos desde un principio, anunciaron que ellos pretenden destruir a la organizaci\u00f3n terrorista del EIIL, para m\u00e1s tarde notar que ellos solamente lo est\u00e1n debilitando.<\/p>\n<p>Yamil K.<\/p>\n","protected":false},"excerpt":{"rendered":"<p>Mosc\u00fa-SANA El asistente del canciller iran\u00ed Husien Amir Abdellahian afirm\u00f3 que\u00a0 algunas potencias externas ayudan a fortalecer las organizaciones terroristas en Siria, subrayando que Ir\u00e1n apoya al pueblo sirio de cara al terrorismo. En una pl\u00e1tica concedida a RT, Abdellahian se\u00f1al\u00f3 que varios pa\u00edses y pol\u00edticos europeos y estadounidenses reconocieron la presencia del terrorismo en &hellip;<\/p>\n","protected":false},"author":1,"featured_media":20442,"comment_status":"closed","ping_status":"closed","sticky":false,"template":"","format":"standard","meta":{"footnotes":""},"categories":[456,457,576],"tags":[],"class_list":["post-20441","post","type-post","status-publish","format-standard","has-post-thumbnail","","category-arabe-internacional-politica","category-noticias-arabe-internacional-politica","category-noticias-politicas"],"_links":{"self":[{"href":"https:\/\/archive.sana.sy\/es\/index.php?rest_route=\/wp\/v2\/posts\/20441"}],"collection":[{"href":"https:\/\/archive.sana.sy\/es\/index.php?rest_route=\/wp\/v2\/posts"}],"about":[{"href":"https:\/\/archive.sana.sy\/es\/index.php?rest_route=\/wp\/v2\/types\/post"}],"author":[{"embeddable":true,"href":"https:\/\/archive.sana.sy\/es\/index.php?rest_route=\/wp\/v2\/users\/1"}],"replies":[{"embeddable":true,"href":"https:\/\/archive.sana.sy\/es\/index.php?rest_route=%2Fwp%2Fv2%2Fcomments&post=20441"}],"version-history":[{"count":0,"href":"https:\/\/archive.sana.sy\/es\/index.php?rest_route=\/wp\/v2\/posts\/20441\/revisions"}],"wp:featuredmedia":[{"embeddable":true,"href":"https:\/\/archive.sana.sy\/es\/index.php?rest_route=\/wp\/v2\/media\/20442"}],"wp:attachment":[{"href":"https:\/\/archive.sana.sy\/es\/index.php?rest_route=%2Fwp%2Fv2%2Fmedia&parent=20441"}],"wp:term":[{"taxonomy":"category","embeddable":true,"href":"https:\/\/archive.sana.sy\/es\/index.php?rest_route=%2Fwp%2Fv2%2Fcategories&post=20441"},{"taxonomy":"post_tag","embeddable":true,"href":"https:\/\/archive.sana.sy\/es\/index.php?rest_route=%2Fwp%2Fv2%2Ftags&post=20441"}],"curies":[{"name":"wp","href":"https:\/\/api.w.org\/{rel}","templated":true}]}}