{"id":204539,"date":"2021-11-08T22:41:34","date_gmt":"2021-11-08T20:41:34","guid":{"rendered":"http:\/\/107.6.182.27\/es\/?p=204539"},"modified":"2023-01-12T14:39:53","modified_gmt":"2023-01-12T12:39:53","slug":"atacan-un-convoy-estadounidense-en-el-sur-de-iraq","status":"publish","type":"post","link":"https:\/\/archive.sana.sy\/es\/?p=204539","title":{"rendered":"Atacan un convoy estadounidense en el sur de Iraq"},"content":{"rendered":"<p style=\"text-align: justify;\"><span style=\"color: #800000;\"><strong>Bagdad, 08 nov (SANA)\u00a0 \u00a0<\/strong><\/span>Un atentado con bomba tuvo como blanco hoy a un convoy de las fuerzas de la &#8220;Coalici\u00f3n&#8221; dirigida por Estados Unidos en la provincia de Diwaniyah, en el sur de Iraq.<\/p>\n<p style=\"text-align: justify;\">La seguridad iraqu\u00ed inform\u00f3 a la corresponsal de SANA en Bagdad que &#8220;una columna de camiones militares estadounidenses que transportaban equipo log\u00edstico desde Kuwait a las bases estadounidenses en Irak fue atacado con bomba\u201d.<\/p>\n<p style=\"text-align: justify;\">La fuente se\u00f1al\u00f3 que la explosi\u00f3n provoc\u00f3 da\u00f1os en uno de los camiones, sin causar v\u00edctimas.<\/p>\n<p style=\"text-align: justify;\">fm<\/p>\n","protected":false},"excerpt":{"rendered":"<p>Bagdad, 08 nov (SANA)\u00a0 \u00a0Un atentado con bomba tuvo como blanco hoy a un convoy de las fuerzas de la &#8220;Coalici\u00f3n&#8221; dirigida por Estados Unidos en la provincia de Diwaniyah, en el sur de Iraq. La seguridad iraqu\u00ed inform\u00f3 a la corresponsal de SANA en Bagdad que &#8220;una columna de camiones militares estadounidenses que transportaban &hellip;<\/p>\n","protected":false},"author":34,"featured_media":204540,"comment_status":"closed","ping_status":"closed","sticky":false,"template":"","format":"standard","meta":{"footnotes":""},"categories":[597,456,7541],"tags":[],"class_list":["post-204539","post","type-post","status-publish","format-standard","has-post-thumbnail","","category-cinta-de-noticias","category-arabe-internacional-politica","category-ultimas-noticias"],"_links":{"self":[{"href":"https:\/\/archive.sana.sy\/es\/index.php?rest_route=\/wp\/v2\/posts\/204539"}],"collection":[{"href":"https:\/\/archive.sana.sy\/es\/index.php?rest_route=\/wp\/v2\/posts"}],"about":[{"href":"https:\/\/archive.sana.sy\/es\/index.php?rest_route=\/wp\/v2\/types\/post"}],"author":[{"embeddable":true,"href":"https:\/\/archive.sana.sy\/es\/index.php?rest_route=\/wp\/v2\/users\/34"}],"replies":[{"embeddable":true,"href":"https:\/\/archive.sana.sy\/es\/index.php?rest_route=%2Fwp%2Fv2%2Fcomments&post=204539"}],"version-history":[{"count":0,"href":"https:\/\/archive.sana.sy\/es\/index.php?rest_route=\/wp\/v2\/posts\/204539\/revisions"}],"wp:featuredmedia":[{"embeddable":true,"href":"https:\/\/archive.sana.sy\/es\/index.php?rest_route=\/wp\/v2\/media\/204540"}],"wp:attachment":[{"href":"https:\/\/archive.sana.sy\/es\/index.php?rest_route=%2Fwp%2Fv2%2Fmedia&parent=204539"}],"wp:term":[{"taxonomy":"category","embeddable":true,"href":"https:\/\/archive.sana.sy\/es\/index.php?rest_route=%2Fwp%2Fv2%2Fcategories&post=204539"},{"taxonomy":"post_tag","embeddable":true,"href":"https:\/\/archive.sana.sy\/es\/index.php?rest_route=%2Fwp%2Fv2%2Ftags&post=204539"}],"curies":[{"name":"wp","href":"https:\/\/api.w.org\/{rel}","templated":true}]}}