{"id":204662,"date":"2021-11-10T06:17:27","date_gmt":"2021-11-10T04:17:27","guid":{"rendered":"http:\/\/107.6.182.27\/es\/?p=204662"},"modified":"2023-01-10T14:24:21","modified_gmt":"2023-01-10T12:24:21","slug":"disminucion-en-cifra-diaria-de-nuevos-casos-confirmados-de-covid-19-en-siria","status":"publish","type":"post","link":"https:\/\/archive.sana.sy\/es\/?p=204662","title":{"rendered":"Disminuci\u00f3n en cifra diaria de nuevos casos confirmados de Covid-19 en Siria"},"content":{"rendered":"<p style=\"text-align: justify;\"><span style=\"color: #800000;\"><strong>Damasco, 10 nov (SANA)<\/strong>\u00a0 \u00a0 <\/span>El Ministerio de Salud anunci\u00f3 hoy que la cifra diaria de infectados por la Covid-19 en Siria aument\u00f3 a 45 mil 468 tras confirmar 184 nuevos casos, en una disminuci\u00f3n clara tras reportar en las \u00faltimas seis semanas un promedio diario entre 350 y 400.<\/p>\n<p style=\"text-align: justify;\">De acuerdo con un comunicado del Ministerio, en las \u00faltimas 24 horas, 95 personas se recuperaron de esta enfermedad para un total de 27,217 mientras se reportaron siete muertos lo que eleva a dos mil 637 el n\u00famero de decesos.<\/p>\n<p style=\"text-align: justify;\">Siria enfrenta esta pandemia en medio de un bloqueo injusto asfixiante impuesto por EEUU y algunos pa\u00edses de la UE, lo cual dificulta las capacidades del pa\u00eds de enfrentar esta pandemia.<\/p>\n<p style=\"text-align: justify;\">fm<\/p>\n","protected":false},"excerpt":{"rendered":"<p>Damasco, 10 nov (SANA)\u00a0 \u00a0 El Ministerio de Salud anunci\u00f3 hoy que la cifra diaria de infectados por la Covid-19 en Siria aument\u00f3 a 45 mil 468 tras confirmar 184 nuevos casos, en una disminuci\u00f3n clara tras reportar en las \u00faltimas seis semanas un promedio diario entre 350 y 400. De acuerdo con un comunicado &hellip;<\/p>\n","protected":false},"author":34,"featured_media":204663,"comment_status":"closed","ping_status":"closed","sticky":false,"template":"","format":"standard","meta":{"footnotes":""},"categories":[447,477,597,476,457,583],"tags":[],"class_list":["post-204662","post","type-post","status-publish","format-standard","has-post-thumbnail","","category-local-politica","category-noticias-edulcorantes","category-cinta-de-noticias","category-locales","category-noticias-arabe-internacional-politica","category-slide"],"_links":{"self":[{"href":"https:\/\/archive.sana.sy\/es\/index.php?rest_route=\/wp\/v2\/posts\/204662"}],"collection":[{"href":"https:\/\/archive.sana.sy\/es\/index.php?rest_route=\/wp\/v2\/posts"}],"about":[{"href":"https:\/\/archive.sana.sy\/es\/index.php?rest_route=\/wp\/v2\/types\/post"}],"author":[{"embeddable":true,"href":"https:\/\/archive.sana.sy\/es\/index.php?rest_route=\/wp\/v2\/users\/34"}],"replies":[{"embeddable":true,"href":"https:\/\/archive.sana.sy\/es\/index.php?rest_route=%2Fwp%2Fv2%2Fcomments&post=204662"}],"version-history":[{"count":0,"href":"https:\/\/archive.sana.sy\/es\/index.php?rest_route=\/wp\/v2\/posts\/204662\/revisions"}],"wp:featuredmedia":[{"embeddable":true,"href":"https:\/\/archive.sana.sy\/es\/index.php?rest_route=\/wp\/v2\/media\/204663"}],"wp:attachment":[{"href":"https:\/\/archive.sana.sy\/es\/index.php?rest_route=%2Fwp%2Fv2%2Fmedia&parent=204662"}],"wp:term":[{"taxonomy":"category","embeddable":true,"href":"https:\/\/archive.sana.sy\/es\/index.php?rest_route=%2Fwp%2Fv2%2Fcategories&post=204662"},{"taxonomy":"post_tag","embeddable":true,"href":"https:\/\/archive.sana.sy\/es\/index.php?rest_route=%2Fwp%2Fv2%2Ftags&post=204662"}],"curies":[{"name":"wp","href":"https:\/\/api.w.org\/{rel}","templated":true}]}}