{"id":204665,"date":"2021-11-10T06:35:15","date_gmt":"2021-11-10T04:35:15","guid":{"rendered":"http:\/\/107.6.182.27\/es\/?p=204665"},"modified":"2023-01-10T14:24:21","modified_gmt":"2023-01-10T12:24:21","slug":"universidades-de-siria-e-iran-fortalecen-cooperacion-cientifica-y-academica","status":"publish","type":"post","link":"https:\/\/archive.sana.sy\/es\/?p=204665","title":{"rendered":"Universidades de Siria e Ir\u00e1n fortalecen cooperaci\u00f3n cient\u00edfica y acad\u00e9mica"},"content":{"rendered":"<p style=\"text-align: justify;\"><span style=\"color: #800000;\"><strong>Teher\u00e1n, 10 nov (SANA)\u00a0<\/strong><\/span>\u00a0 \u00a0 \u00a0El ministro de Educaci\u00f3n Superior e Investigaci\u00f3n Cient\u00edfica de Siria, Bassam Ibrahim, destac\u00f3 la importancia de fortalecer la cooperaci\u00f3n entre las universidades sirias e iran\u00edes en el campo de la investigaci\u00f3n y los proyectos cient\u00edficos, y vincularlos con proyectos industriales, productivos y de fomento en los dos pa\u00edses.<\/p>\n<p style=\"text-align: justify;\">Durante su encuentro en la capital iran\u00ed con el rector de la Universidad de Teher\u00e1n, Sayyed Muhammad Muqami, y los decanos de las facultades de esta instituci\u00f3n de ense\u00f1anza superior, el ministro Ibrahim destac\u00f3 la importancia de trabajar y explotar las tecnolog\u00edas modernas y la nanotecnolog\u00eda, mediante el desarrollo de programas, planes de trabajo y mecanismos ejecutivos entre universidades y centros de investigaci\u00f3n sirios e iran\u00edes.<\/p>\n<p style=\"text-align: justify;\">\u201cEl intercambio de experiencias, la investigaci\u00f3n conjunta de estudiantes y profesores, el hermanamiento de universidades y el establecimiento de parques cient\u00edficos y tecnol\u00f3gicos contribuyen a fortalecer la cooperaci\u00f3n cient\u00edfica para lograr resultados que sirvan al proceso de fomento de los dos pa\u00edses\u201d, dijo el titular.<\/p>\n<p style=\"text-align: justify;\"><img loading=\"lazy\" decoding=\"async\" class=\"size-medium wp-image-204667 alignleft\" src=\"http:\/\/107.6.182.27\/es\/wp-content\/uploads\/2021\/11\/photo_2021-11-09_21-09-44-scaled-1-300x174.jpg\" alt=\"\" width=\"300\" height=\"174\" srcset=\"https:\/\/archive.sana.sy\/es\/wp-content\/uploads\/2021\/11\/photo_2021-11-09_21-09-44-scaled-1-300x174.jpg 300w, https:\/\/archive.sana.sy\/es\/wp-content\/uploads\/2021\/11\/photo_2021-11-09_21-09-44-scaled-1-1024x593.jpg 1024w, https:\/\/archive.sana.sy\/es\/wp-content\/uploads\/2021\/11\/photo_2021-11-09_21-09-44-scaled-1-150x87.jpg 150w, https:\/\/archive.sana.sy\/es\/wp-content\/uploads\/2021\/11\/photo_2021-11-09_21-09-44-scaled-1-768x445.jpg 768w, https:\/\/archive.sana.sy\/es\/wp-content\/uploads\/2021\/11\/photo_2021-11-09_21-09-44-scaled-1-1536x890.jpg 1536w, https:\/\/archive.sana.sy\/es\/wp-content\/uploads\/2021\/11\/photo_2021-11-09_21-09-44-scaled-1-2048x1186.jpg 2048w\" sizes=\"(max-width: 300px) 100vw, 300px\" \/>A su vez, el embajador sirio en Teher\u00e1n, Shafiq Dayob, dijo que es importante la instalaci\u00f3n de tecnolog\u00edas modernas en Siria a trav\u00e9s de la promoci\u00f3n y el desarrollo de la cooperaci\u00f3n cient\u00edfica y de investigaci\u00f3n entre las universidades sirias e iran\u00edes.<\/p>\n<p style=\"text-align: justify;\">Mostr\u00f3 confianza en que las relaciones sirio-iran\u00edes presencien m\u00e1s avances en varios campos, entre ellos la investigaci\u00f3n cient\u00edfica y tecnol\u00f3gica.<\/p>\n<p style=\"text-align: justify;\">El rector de la Universidad de Teher\u00e1n, a su vez, manifest\u00f3 la plena disposici\u00f3n para mejorar la cooperaci\u00f3n cient\u00edfica y de investigaci\u00f3n, y trabajar para aumentar el n\u00famero de becas ofrecidas a la parte siria y establecer proyectos conjuntos de investigaci\u00f3n.<\/p>\n<p style=\"text-align: justify;\">fm<\/p>\n","protected":false},"excerpt":{"rendered":"<p>Teher\u00e1n, 10 nov (SANA)\u00a0\u00a0 \u00a0 \u00a0El ministro de Educaci\u00f3n Superior e Investigaci\u00f3n Cient\u00edfica de Siria, Bassam Ibrahim, destac\u00f3 la importancia de fortalecer la cooperaci\u00f3n entre las universidades sirias e iran\u00edes en el campo de la investigaci\u00f3n y los proyectos cient\u00edficos, y vincularlos con proyectos industriales, productivos y de fomento en los dos pa\u00edses. Durante su &hellip;<\/p>\n","protected":false},"author":34,"featured_media":204666,"comment_status":"closed","ping_status":"closed","sticky":false,"template":"","format":"standard","meta":{"footnotes":""},"categories":[477,447,597,476,457,467,7541],"tags":[],"class_list":["post-204665","post","type-post","status-publish","format-standard","has-post-thumbnail","","category-noticias-edulcorantes","category-local-politica","category-cinta-de-noticias","category-locales","category-noticias-arabe-internacional-politica","category-siria-y-el-mundo","category-ultimas-noticias"],"_links":{"self":[{"href":"https:\/\/archive.sana.sy\/es\/index.php?rest_route=\/wp\/v2\/posts\/204665"}],"collection":[{"href":"https:\/\/archive.sana.sy\/es\/index.php?rest_route=\/wp\/v2\/posts"}],"about":[{"href":"https:\/\/archive.sana.sy\/es\/index.php?rest_route=\/wp\/v2\/types\/post"}],"author":[{"embeddable":true,"href":"https:\/\/archive.sana.sy\/es\/index.php?rest_route=\/wp\/v2\/users\/34"}],"replies":[{"embeddable":true,"href":"https:\/\/archive.sana.sy\/es\/index.php?rest_route=%2Fwp%2Fv2%2Fcomments&post=204665"}],"version-history":[{"count":0,"href":"https:\/\/archive.sana.sy\/es\/index.php?rest_route=\/wp\/v2\/posts\/204665\/revisions"}],"wp:featuredmedia":[{"embeddable":true,"href":"https:\/\/archive.sana.sy\/es\/index.php?rest_route=\/wp\/v2\/media\/204666"}],"wp:attachment":[{"href":"https:\/\/archive.sana.sy\/es\/index.php?rest_route=%2Fwp%2Fv2%2Fmedia&parent=204665"}],"wp:term":[{"taxonomy":"category","embeddable":true,"href":"https:\/\/archive.sana.sy\/es\/index.php?rest_route=%2Fwp%2Fv2%2Fcategories&post=204665"},{"taxonomy":"post_tag","embeddable":true,"href":"https:\/\/archive.sana.sy\/es\/index.php?rest_route=%2Fwp%2Fv2%2Ftags&post=204665"}],"curies":[{"name":"wp","href":"https:\/\/api.w.org\/{rel}","templated":true}]}}