{"id":204669,"date":"2021-11-10T07:25:16","date_gmt":"2021-11-10T05:25:16","guid":{"rendered":"http:\/\/107.6.182.27\/es\/?p=204669"},"modified":"2023-01-10T15:33:06","modified_gmt":"2023-01-10T13:33:06","slug":"titulares-de-la-agencia-sana-10-de-noviembre-2021","status":"publish","type":"post","link":"https:\/\/archive.sana.sy\/es\/?p=204669","title":{"rendered":"Titulares de la agencia SANA 10 de noviembre 2021"},"content":{"rendered":"<p><strong><span style=\"color: #800000;\">Damasco, 10 nov (SANA)<\/span><\/strong><\/p>\n<p>????????Presidente al-Assad recibe al Canciller de los Emiratos \u00c1rabes Unidos.<\/p>\n<p>????????Lavrov: Occidente obstaculiza los esfuerzos para devolver los sirios refugiados.<\/p>\n<p>????????Makhlouf debate con representante de UNFPA la cooperaci\u00f3n en materia de energ\u00edas alternativas.<\/p>\n<p>????????Vicecanciller ruso aborda con el Embajador sirio v\u00edas de consolidar la cooperaci\u00f3n binacional.<\/p>\n<p>????????Gabinete instruye aumentar suma m\u00e1xima de los cr\u00e9ditos a los peque\u00f1os y medianos proyectos.<\/p>\n<p>????????A pesar de perder su vista durante las batallas contra el terrorismo, militar sirio est\u00e1 decidido a ser abogado.<\/p>\n<p>????????Contin\u00faan luchas internas entre bandas de milicias proturcas en Raqa.<\/p>\n<p>????????Grupos populares atacan dos sedes de la milicia proestadounidense FDS en Deir Ezzor.<\/p>\n<p>????????Ej\u00e9rcito iran\u00ed intercepta drones de EEUU que se acercaron a la zona de sus maniobras.<\/p>\n<p>????????El ministro liban\u00e9s de Agricultura pide fortalecer las relaciones con Siria<\/p>\n<p>????????450 mil personas recibieron la vacuna anti covid-19, confirma Ministerio de Salud.<\/p>\n<p>????????Selecci\u00f3n siria de f\u00fatbol sub-19 derrota a su rival liban\u00e9s en un amistoso.<\/p>\n<p>????????Reportan 235 nuevas violaciones sauditas en Yemen.<\/p>\n<p>????????Rusia y Bielorrusia revisan situaci\u00f3n en Siria y varios pa\u00edses.<\/p>\n<p>????????Siria sembrar\u00e1 un mill\u00f3n y medio de hect\u00e1reas con trigo.<\/p>\n<p>????????El lago Jabb\u016bl y su entorno se convierten en reserva natural<\/p>\n<p>&nbsp;<\/p>\n","protected":false},"excerpt":{"rendered":"<p>Damasco, 10 nov (SANA) ????????Presidente al-Assad recibe al Canciller de los Emiratos \u00c1rabes Unidos. ????????Lavrov: Occidente obstaculiza los esfuerzos para devolver los sirios refugiados. ????????Makhlouf debate con representante de UNFPA la cooperaci\u00f3n en materia de energ\u00edas alternativas. ????????Vicecanciller ruso aborda con el Embajador sirio v\u00edas de consolidar la cooperaci\u00f3n binacional. ????????Gabinete instruye aumentar suma m\u00e1xima &hellip;<\/p>\n","protected":false},"author":32,"featured_media":204345,"comment_status":"closed","ping_status":"closed","sticky":false,"template":"","format":"standard","meta":{"footnotes":""},"categories":[447,555,597,476,7541],"tags":[],"class_list":["post-204669","post","type-post","status-publish","format-standard","has-post-thumbnail","","category-local-politica","category-prensa","category-cinta-de-noticias","category-locales","category-ultimas-noticias"],"_links":{"self":[{"href":"https:\/\/archive.sana.sy\/es\/index.php?rest_route=\/wp\/v2\/posts\/204669"}],"collection":[{"href":"https:\/\/archive.sana.sy\/es\/index.php?rest_route=\/wp\/v2\/posts"}],"about":[{"href":"https:\/\/archive.sana.sy\/es\/index.php?rest_route=\/wp\/v2\/types\/post"}],"author":[{"embeddable":true,"href":"https:\/\/archive.sana.sy\/es\/index.php?rest_route=\/wp\/v2\/users\/32"}],"replies":[{"embeddable":true,"href":"https:\/\/archive.sana.sy\/es\/index.php?rest_route=%2Fwp%2Fv2%2Fcomments&post=204669"}],"version-history":[{"count":0,"href":"https:\/\/archive.sana.sy\/es\/index.php?rest_route=\/wp\/v2\/posts\/204669\/revisions"}],"wp:featuredmedia":[{"embeddable":true,"href":"https:\/\/archive.sana.sy\/es\/index.php?rest_route=\/wp\/v2\/media\/204345"}],"wp:attachment":[{"href":"https:\/\/archive.sana.sy\/es\/index.php?rest_route=%2Fwp%2Fv2%2Fmedia&parent=204669"}],"wp:term":[{"taxonomy":"category","embeddable":true,"href":"https:\/\/archive.sana.sy\/es\/index.php?rest_route=%2Fwp%2Fv2%2Fcategories&post=204669"},{"taxonomy":"post_tag","embeddable":true,"href":"https:\/\/archive.sana.sy\/es\/index.php?rest_route=%2Fwp%2Fv2%2Ftags&post=204669"}],"curies":[{"name":"wp","href":"https:\/\/api.w.org\/{rel}","templated":true}]}}