{"id":204817,"date":"2021-11-11T12:55:51","date_gmt":"2021-11-11T10:55:51","guid":{"rendered":"http:\/\/107.6.182.27\/es\/?p=204817"},"modified":"2021-11-11T12:58:34","modified_gmt":"2021-11-11T10:58:34","slug":"iran-y-siria-por-mas-cooperacion-en-educacion-superior-e-investigacion-cientifica","status":"publish","type":"post","link":"https:\/\/archive.sana.sy\/es\/?p=204817","title":{"rendered":"Ir\u00e1n y Siria por m\u00e1s cooperaci\u00f3n en educaci\u00f3n superior e investigaci\u00f3n cient\u00edfica"},"content":{"rendered":"<p style=\"text-align: justify;\"><strong><span style=\"color: #800000;\">Teher\u00e1n, 11 nov (SANA)\u00a0 \u00a0<\/span><\/strong>El ministro de Educaci\u00f3n Superior e Investigaci\u00f3n Cient\u00edfica, Bassam Ibrahim, y el ministro de Salud, Tratamiento y Educaci\u00f3n M\u00e9dica de Ir\u00e1n, Bahram Einollahi, firmaron en Teher\u00e1n, un memorando de entendimiento para la Cooperaci\u00f3n en el \u00e1mbito de la educaci\u00f3n superior y la investigaci\u00f3n cient\u00edfica, en un acto que cont\u00f3 con la presencia del embajador sirio en Teher\u00e1n, Shafiq Dayoub.<\/p>\n<p style=\"text-align: justify;\">El documento rubricado contempla la concesi\u00f3n de becas de maestr\u00eda y doctorado en diversas especialidades m\u00e9dicas, el intercambio de investigadores y profesores, cursos de calificaci\u00f3n y formaci\u00f3n, adem\u00e1s de la participaci\u00f3n en actividades acad\u00e9micas y congresos m\u00e9dicos en ambos pa\u00edses.<\/p>\n<p style=\"text-align: justify;\">El ministro Ibrahim destac\u00f3 la importancia del memorando y sus efectos positivos en el campo de educaci\u00f3n superior e investigaci\u00f3n cient\u00edfica en especialidades m\u00e9dicas y en becas otorgadas a graduados de universidades sirias.<\/p>\n<p style=\"text-align: justify;\">Se\u00f1al\u00f3 que la cooperaci\u00f3n entre las dos partes en el campo de la salud, la educaci\u00f3n m\u00e9dica y la calificaci\u00f3n de cuadros humanos contribuy\u00f3 a apoyar el sector m\u00e9dico y educativo, especialmente durante la guerra terrorista que Siria enfrenta desde hace 10 a\u00f1os, adem\u00e1s de las injustas sanciones que se le impusieron y la pandemia del nuevo Coronavirus.<\/p>\n<p style=\"text-align: justify;\">Por su parte, el ministro de Salud, Tratamiento y Educaci\u00f3n M\u00e9dica iran\u00ed manifest\u00f3 la plena disposici\u00f3n a cooperar con la parte siria en los diversos campos, en particular en lo m\u00e9dico y educativo.<\/p>\n<p style=\"text-align: justify;\">Asimismo, Ali Akbar Velayati, Jefe de la Junta de S\u00edndicos de la Universidad Isl\u00e1mica Azad de Ir\u00e1n (UAI), destac\u00f3 durante su reuni\u00f3n con el ministro Ibrahim y la delegaci\u00f3n acompa\u00f1ante, la importancia de la cooperaci\u00f3n cient\u00edfica entre las universidades sirias e iran\u00edes.<\/p>\n<p style=\"text-align: justify;\">Las dos partes enfatizaron la necesidad de beneficiarse de la experiencia y la tecnolog\u00eda iran\u00edes en los campos m\u00e9dico y t\u00e9cnico, y repasaron los aspectos de la cooperaci\u00f3n en el campo de la nanotecnolog\u00eda y los pasos posteriores a este respecto.<\/p>\n<p style=\"text-align: justify;\"><strong><span style=\"color: #0000ff;\">ed\/fm<\/span><\/strong><\/p>\n","protected":false},"excerpt":{"rendered":"<p>Teher\u00e1n, 11 nov (SANA)\u00a0 \u00a0El ministro de Educaci\u00f3n Superior e Investigaci\u00f3n Cient\u00edfica, Bassam Ibrahim, y el ministro de Salud, Tratamiento y Educaci\u00f3n M\u00e9dica de Ir\u00e1n, Bahram Einollahi, firmaron en Teher\u00e1n, un memorando de entendimiento para la Cooperaci\u00f3n en el \u00e1mbito de la educaci\u00f3n superior y la investigaci\u00f3n cient\u00edfica, en un acto que cont\u00f3 con la &hellip;<\/p>\n","protected":false},"author":32,"featured_media":204818,"comment_status":"closed","ping_status":"closed","sticky":false,"template":"","format":"standard","meta":{"footnotes":""},"categories":[597,467,7541],"tags":[2866,6553,19966],"class_list":["post-204817","post","type-post","status-publish","format-standard","has-post-thumbnail","","category-cinta-de-noticias","category-siria-y-el-mundo","category-ultimas-noticias","tag-iran","tag-siria","tag-teheran"],"_links":{"self":[{"href":"https:\/\/archive.sana.sy\/es\/index.php?rest_route=\/wp\/v2\/posts\/204817"}],"collection":[{"href":"https:\/\/archive.sana.sy\/es\/index.php?rest_route=\/wp\/v2\/posts"}],"about":[{"href":"https:\/\/archive.sana.sy\/es\/index.php?rest_route=\/wp\/v2\/types\/post"}],"author":[{"embeddable":true,"href":"https:\/\/archive.sana.sy\/es\/index.php?rest_route=\/wp\/v2\/users\/32"}],"replies":[{"embeddable":true,"href":"https:\/\/archive.sana.sy\/es\/index.php?rest_route=%2Fwp%2Fv2%2Fcomments&post=204817"}],"version-history":[{"count":0,"href":"https:\/\/archive.sana.sy\/es\/index.php?rest_route=\/wp\/v2\/posts\/204817\/revisions"}],"wp:featuredmedia":[{"embeddable":true,"href":"https:\/\/archive.sana.sy\/es\/index.php?rest_route=\/wp\/v2\/media\/204818"}],"wp:attachment":[{"href":"https:\/\/archive.sana.sy\/es\/index.php?rest_route=%2Fwp%2Fv2%2Fmedia&parent=204817"}],"wp:term":[{"taxonomy":"category","embeddable":true,"href":"https:\/\/archive.sana.sy\/es\/index.php?rest_route=%2Fwp%2Fv2%2Fcategories&post=204817"},{"taxonomy":"post_tag","embeddable":true,"href":"https:\/\/archive.sana.sy\/es\/index.php?rest_route=%2Fwp%2Fv2%2Ftags&post=204817"}],"curies":[{"name":"wp","href":"https:\/\/api.w.org\/{rel}","templated":true}]}}